{"id":6942,"date":"2026-04-12T22:45:07","date_gmt":"2026-04-12T22:45:07","guid":{"rendered":"https:\/\/przyjaciele-legionowa.pl\/?p=6942"},"modified":"2026-04-29T19:51:23","modified_gmt":"2026-04-29T19:51:23","slug":"pamietamy-o-ofiarach-katynia-w-84-rocznice-zbrodni","status":"publish","type":"post","link":"https:\/\/przyjaciele-legionowa.pl\/index.php\/2026\/04\/12\/pamietamy-o-ofiarach-katynia-w-84-rocznice-zbrodni\/","title":{"rendered":"Pami\u0119tamy o ofiarach Katynia w 84 rocznic\u0119 zbrodni"},"content":{"rendered":"\t\t<div data-elementor-type=\"wp-post\" data-elementor-id=\"6942\" class=\"elementor elementor-6942\" data-elementor-post-type=\"post\">\n\t\t\t\t<div class=\"elementor-element elementor-element-483accc e-flex e-con-boxed e-con e-parent\" data-id=\"483accc\" data-element_type=\"container\" data-e-type=\"container\">\n\t\t\t\t\t<div class=\"e-con-inner\">\n\t\t\t\t<div class=\"elementor-element elementor-element-2da7a5e elementor-widget elementor-widget-text-editor\" data-id=\"2da7a5e\" data-element_type=\"widget\" data-e-type=\"widget\" data-widget_type=\"text-editor.default\">\n\t\t\t\t<div class=\"elementor-widget-container\">\n\t\t\t\t\t\t\t\t\t<p data-start=\"42\" data-end=\"614\">W dniu 12 kwietnia 2026 roku w Legionowie odby\u0142y si\u0119 uroczyste obchody Dnia Pami\u0119ci Ofiar Zbrodni Katy\u0144skiej \u2013 jednego z najwa\u017cniejszych dni narodowej pami\u0119ci, po\u015bwi\u0119conego tysi\u0105com polskich obywateli zamordowanych wiosn\u0105 1940 roku przez sowiecki aparat terroru. W wydarzeniu uczestniczyli przedstawiciele w\u0142adz samorz\u0105dowych miasta i powiatu, reprezentanci s\u0142u\u017cb mundurowych, \u015brodowisk kombatanckich, m\u0142odzie\u017c szkolna, delegacje instytucji i organizacji spo\u0142ecznych oraz mieszka\u0144cy, kt\u00f3rzy wsp\u00f3lnie oddali ho\u0142d Ofiarom jednej z najtragiczniejszych kart w historii Polski.<\/p><p data-start=\"616\" data-end=\"1091\">Tegoroczne legionowskie obchody rozpocz\u0119\u0142y si\u0119 uroczyst\u0105 msz\u0105 \u015bwi\u0119t\u0105 odprawion\u0105 w parafii Matki Bo\u017cej Fatimskiej. Liturgia zgromadzi\u0142a licznie przyby\u0142ych uczestnik\u00f3w, kt\u00f3rzy w atmosferze skupienia i modlitwy uczcili pami\u0119\u0107 tych, kt\u00f3rzy osiemdziesi\u0105t sze\u015b\u0107 lat temu zostali zamordowani tylko dlatego, \u017ce byli polskimi patriotami, oficerami Wojska Polskiego, funkcjonariuszami Policji Pa\u0144stwowej, urz\u0119dnikami, lekarzami, nauczycielami i przedstawicielami polskiej inteligencji.<\/p><p data-start=\"1093\" data-end=\"1697\">Msza \u015bwi\u0119ta mia\u0142a podnios\u0142y i refleksyjny charakter. Modlono si\u0119 za dusze pomordowanych, za ich rodziny, kt\u00f3re przez dziesi\u0119ciolecia \u017cy\u0142y z b\u00f3lem straty i ci\u0119\u017carem przemilczanej prawdy, a tak\u017ce za Ojczyzn\u0119, aby pami\u0119\u0107 o jej bohaterach nigdy nie zosta\u0142a zatarta. W homilii podkre\u015blono znaczenie pami\u0119ci historycznej jako fundamentu narodowej to\u017csamo\u015bci oraz obowi\u0105zek przekazywania prawdy kolejnym pokoleniom. Zwr\u00f3cono uwag\u0119, \u017ce Zbrodnia Katy\u0144ska pozostaje nie tylko symbolem niewyobra\u017calnego okrucie\u0144stwa totalitaryzmu, ale tak\u017ce dramatycznym \u015bwiadectwem ceny, jak\u0105 Polska zap\u0142aci\u0142a za swoj\u0105 niez\u0142omno\u015b\u0107.<\/p><p data-start=\"1699\" data-end=\"2112\">Po zako\u0144czeniu nabo\u017ce\u0144stwa uczestnicy obchod\u00f3w udali si\u0119 pod Pomnik Ofiar Zbrodni Katy\u0144skiej, znajduj\u0105cy si\u0119 na terenie parafii. Tam odby\u0142a si\u0119 dalsza cz\u0119\u015b\u0107 uroczysto\u015bci patriotycznej. W obecno\u015bci poczt\u00f3w sztandarowych, przedstawicieli instytucji publicznych i mieszka\u0144c\u00f3w odczytano okoliczno\u015bciowe przem\u00f3wienia, przypominaj\u0105ce tragiczne wydarzenia sprzed lat oraz ich szczeg\u00f3lne znaczenie dla lokalnej wsp\u00f3lnoty.<\/p><p data-start=\"2114\" data-end=\"2701\">W przem\u00f3wieniach podkre\u015blano, \u017ce Zbrodnia Katy\u0144ska by\u0142a zaplanowanym aktem eksterminacji polskich elit \u2013 pr\u00f3b\u0105 pozbawienia narodu jego duchowego i intelektualnego fundamentu. Przypomniano, \u017ce wiosn\u0105 1940 roku, na mocy decyzji najwy\u017cszych w\u0142adz Zwi\u0105zku Sowieckiego, na rozkaz J\u00f3zefa Stalina, funkcjonariusze NKWD dokonali masowego mordu na blisko 22 tysi\u0105cach obywateli II Rzeczypospolitej. W\u015br\u00f3d zamordowanych byli oficerowie Wojska Polskiego, policjanci, urz\u0119dnicy pa\u0144stwowi, przedstawiciele wolnych zawod\u00f3w oraz inteligencja \u2013 ludzie stanowi\u0105cy trzon polskiego pa\u0144stwa i spo\u0142ecze\u0144stwa.<\/p><p data-start=\"2703\" data-end=\"3157\">Szczeg\u00f3lne miejsce w tegorocznych obchodach zaj\u0119\u0142a pami\u0119\u0107 o ofiarach zwi\u0105zanych z ziemi\u0105 legionowsk\u0105. Przypomniano, \u017ce w\u015br\u00f3d pomordowanych znalaz\u0142o si\u0119 87 os\u00f3b zwi\u0105zanych z powiatem legionowskim, w tym 40 oficer\u00f3w i 7 policjant\u00f3w. To liczba, kt\u00f3ra unaocznia, jak g\u0142\u0119boko tragedia katy\u0144ska dotkn\u0119\u0142a tak\u017ce lokaln\u0105 spo\u0142eczno\u015b\u0107. Za ka\u017cd\u0105 z tych liczb kryj\u0105 si\u0119 konkretne nazwiska, \u017cyciorysy, rodziny i dramaty, kt\u00f3re na trwa\u0142e wpisa\u0142y si\u0119 w histori\u0119 regionu.<\/p><p data-start=\"3159\" data-end=\"3549\">Kulminacyjnym momentem uroczysto\u015bci by\u0142o z\u0142o\u017cenie kwiat\u00f3w pod Pomnikiem Ofiar Zbrodni Katy\u0144skiej. Delegacje samorz\u0105dowe, przedstawiciele s\u0142u\u017cb mundurowych, organizacji spo\u0142ecznych, szk\u00f3\u0142 i instytucji oddawa\u0142y ho\u0142d pomordowanym, sk\u0142adaj\u0105c bia\u0142o-czerwone wi\u0105zanki i zapalaj\u0105c znicze. Ten symboliczny gest by\u0142 wyrazem pami\u0119ci, szacunku i wdzi\u0119czno\u015bci wobec tych, kt\u00f3rzy oddali \u017cycie za Polsk\u0119.<\/p><p data-start=\"3551\" data-end=\"4100\">W legionowskich obchodach nie zabrak\u0142o r\u00f3wnie\u017c przedstawicieli lokalnych \u015brodowisk spo\u0142ecznych i patriotycznych, od lat zaanga\u017cowanych w piel\u0119gnowanie pami\u0119ci historycznej. W uroczysto\u015bci uczestniczyli tak\u017ce reprezentanci Towarzystwa Przyjaci\u00f3\u0142 Legionowa: pani Urszula Stanaszek, pan Krzysztof Krzyczkowski oraz pan Andrzej Bochacz, kt\u00f3rzy w imieniu stowarzyszenia oddali ho\u0142d Ofiarom Zbrodni Katy\u0144skiej. Obecno\u015b\u0107 cz\u0142onk\u00f3w Towarzystwa by\u0142a wyrazem troski o zachowanie pami\u0119ci o wydarzeniach, kt\u00f3re stanowi\u0105 wa\u017cn\u0105 cz\u0119\u015b\u0107 lokalnej i narodowej historii.<\/p><p data-start=\"4102\" data-end=\"4502\">Udzia\u0142 m\u0142odzie\u017cy szkolnej w obchodach mia\u0142 wymiar szczeg\u00f3lnie symboliczny. Obecno\u015b\u0107 m\u0142odego pokolenia przypomina, \u017ce pami\u0119\u0107 o Katyniu nie mo\u017ce ogranicza\u0107 si\u0119 jedynie do oficjalnych ceremonii, lecz musi by\u0107 \u017cyw\u0105 cz\u0119\u015bci\u0105 wychowania obywatelskiego i historycznego. To w\u0142a\u015bnie na m\u0142odych spoczywa\u0107 b\u0119dzie w przysz\u0142o\u015bci odpowiedzialno\u015b\u0107 za piel\u0119gnowanie prawdy o losach Ojczyzny i przekazywanie jej dalej.<\/p><p data-start=\"4504\" data-end=\"4929\">Dzie\u0144 Pami\u0119ci Ofiar Zbrodni Katy\u0144skiej w Legionowie by\u0142 nie tylko uroczysto\u015bci\u0105 rocznicow\u0105, ale przede wszystkim wa\u017cn\u0105 lekcj\u0105 historii i wsp\u00f3lnotowego \u015bwiadectwa. Pokaza\u0142, \u017ce pami\u0119\u0107 o Ofiarach Katynia pozostaje \u017cywa \u2013 zar\u00f3wno w wymiarze narodowym, jak i lokalnym. By\u0142 to dzie\u0144 zadumy, modlitwy i refleksji nad losem tych, kt\u00f3rzy zostali zamordowani bez s\u0105du, bez grob\u00f3w, przez dziesi\u0119ciolecia wymazywani z oficjalnej pami\u0119ci.<\/p><p data-start=\"4931\" data-end=\"5261\">Dzisiejsze obchody przypominaj\u0105, \u017ce pami\u0119\u0107 jest obowi\u0105zkiem. Pami\u0119\u0107 o Katyniu to nie tylko wspomnienie tragicznej przesz\u0142o\u015bci, ale tak\u017ce moralne zobowi\u0105zanie wobec tych, kt\u00f3rzy zgin\u0119li, oraz wobec przysz\u0142ych pokole\u0144. To zobowi\u0105zanie do prawdy, do troski o histori\u0119 i do budowania wsp\u00f3lnoty opartej na \u015bwiadomo\u015bci w\u0142asnych dziej\u00f3w.<\/p><p data-start=\"5263\" data-end=\"5469\" data-is-last-node=\"\" data-is-only-node=\"\">Legionowo po raz kolejny da\u0142o \u015bwiadectwo, \u017ce pami\u0119ta. Pami\u0119ta o Ofiarach Katynia, o ich po\u015bwi\u0119ceniu, cierpieniu i niez\u0142omno\u015bci. Pami\u0119ta, bo pami\u0119\u0107 jest form\u0105 sprawiedliwo\u015bci. Pami\u0119ta, bo pami\u0119\u0107 jest ho\u0142dem.<\/p><p data-start=\"5263\" data-end=\"5469\" data-is-last-node=\"\" data-is-only-node=\"\"><strong><em>Zdj\u0119cia prezentowane poni\u017cej pochodz\u0105 z serwisu Urz\u0119du Miasta w Legionowie.<\/em><\/strong><\/p>\t\t\t\t\t\t\t\t<\/div>\n\t\t\t\t<\/div>\n\t\t\t\t\t<\/div>\n\t\t\t\t<\/div>\n\t\t<div class=\"elementor-element elementor-element-41a1ef4 e-flex e-con-boxed e-con e-parent\" data-id=\"41a1ef4\" data-element_type=\"container\" data-e-type=\"container\">\n\t\t\t\t\t<div class=\"e-con-inner\">\n\t\t\t\t<div class=\"elementor-element elementor-element-53408de elementor-widget elementor-widget-gallery\" data-id=\"53408de\" data-element_type=\"widget\" data-e-type=\"widget\" data-settings=\"{&quot;columns&quot;:3,&quot;lazyload&quot;:&quot;yes&quot;,&quot;gallery_layout&quot;:&quot;grid&quot;,&quot;columns_tablet&quot;:2,&quot;columns_mobile&quot;:1,&quot;gap&quot;:{&quot;unit&quot;:&quot;px&quot;,&quot;size&quot;:10,&quot;sizes&quot;:[]},&quot;gap_tablet&quot;:{&quot;unit&quot;:&quot;px&quot;,&quot;size&quot;:10,&quot;sizes&quot;:[]},&quot;gap_mobile&quot;:{&quot;unit&quot;:&quot;px&quot;,&quot;size&quot;:10,&quot;sizes&quot;:[]},&quot;link_to&quot;:&quot;file&quot;,&quot;aspect_ratio&quot;:&quot;3:2&quot;,&quot;overlay_background&quot;:&quot;yes&quot;,&quot;content_hover_animation&quot;:&quot;fade-in&quot;}\" data-widget_type=\"gallery.default\">\n\t\t\t\t<div class=\"elementor-widget-container\">\n\t\t\t\t\t\t\t<div class=\"elementor-gallery__container\">\n\t\t\t\t\t\t\t<a class=\"e-gallery-item elementor-gallery-item elementor-animated-content\" href=\"https:\/\/przyjaciele-legionowa.pl\/wp-content\/uploads\/2026\/04\/669458125_1590986266407021_4067808721991665047_n.jpg\" data-elementor-open-lightbox=\"yes\" data-elementor-lightbox-slideshow=\"53408de\" data-elementor-lightbox-title=\"669458125_1590986266407021_4067808721991665047_n\" data-e-action-hash=\"#elementor-action%3Aaction%3Dlightbox%26settings%3DeyJpZCI6Njk0NSwidXJsIjoiaHR0cHM6XC9cL3ByenlqYWNpZWxlLWxlZ2lvbm93YS5wbFwvd3AtY29udGVudFwvdXBsb2Fkc1wvMjAyNlwvMDRcLzY2OTQ1ODEyNV8xNTkwOTg2MjY2NDA3MDIxXzQwNjc4MDg3MjE5OTE2NjUwNDdfbi5qcGciLCJzbGlkZXNob3ciOiI1MzQwOGRlIn0%3D\">\n\t\t\t\t\t<div class=\"e-gallery-image elementor-gallery-item__image\" data-thumbnail=\"https:\/\/przyjaciele-legionowa.pl\/wp-content\/uploads\/2026\/04\/669458125_1590986266407021_4067808721991665047_n-240x300.jpg\" data-width=\"240\" data-height=\"300\" aria-label=\"\" role=\"img\" ><\/div>\n\t\t\t\t\t\t\t\t\t\t\t<div class=\"elementor-gallery-item__overlay\"><\/div>\n\t\t\t\t\t\t\t\t\t\t\t\t\t\t<\/a>\n\t\t\t\t\t\t\t<a class=\"e-gallery-item elementor-gallery-item elementor-animated-content\" href=\"https:\/\/przyjaciele-legionowa.pl\/wp-content\/uploads\/2026\/04\/668775121_1590985696407078_8471627727861951993_n.jpg\" data-elementor-open-lightbox=\"yes\" data-elementor-lightbox-slideshow=\"53408de\" data-elementor-lightbox-title=\"668775121_1590985696407078_8471627727861951993_n\" data-e-action-hash=\"#elementor-action%3Aaction%3Dlightbox%26settings%3DeyJpZCI6Njk0NCwidXJsIjoiaHR0cHM6XC9cL3ByenlqYWNpZWxlLWxlZ2lvbm93YS5wbFwvd3AtY29udGVudFwvdXBsb2Fkc1wvMjAyNlwvMDRcLzY2ODc3NTEyMV8xNTkwOTg1Njk2NDA3MDc4Xzg0NzE2Mjc3Mjc4NjE5NTE5OTNfbi5qcGciLCJzbGlkZXNob3ciOiI1MzQwOGRlIn0%3D\">\n\t\t\t\t\t<div class=\"e-gallery-image elementor-gallery-item__image\" data-thumbnail=\"https:\/\/przyjaciele-legionowa.pl\/wp-content\/uploads\/2026\/04\/668775121_1590985696407078_8471627727861951993_n-300x169.jpg\" data-width=\"300\" data-height=\"169\" aria-label=\"\" role=\"img\" ><\/div>\n\t\t\t\t\t\t\t\t\t\t\t<div class=\"elementor-gallery-item__overlay\"><\/div>\n\t\t\t\t\t\t\t\t\t\t\t\t\t\t<\/a>\n\t\t\t\t\t\t\t<a class=\"e-gallery-item elementor-gallery-item elementor-animated-content\" href=\"https:\/\/przyjaciele-legionowa.pl\/wp-content\/uploads\/2026\/04\/668558999_1590985739740407_473213224629578191_n.jpg\" data-elementor-open-lightbox=\"yes\" data-elementor-lightbox-slideshow=\"53408de\" data-elementor-lightbox-title=\"668558999_1590985739740407_473213224629578191_n\" data-e-action-hash=\"#elementor-action%3Aaction%3Dlightbox%26settings%3DeyJpZCI6Njk0MywidXJsIjoiaHR0cHM6XC9cL3ByenlqYWNpZWxlLWxlZ2lvbm93YS5wbFwvd3AtY29udGVudFwvdXBsb2Fkc1wvMjAyNlwvMDRcLzY2ODU1ODk5OV8xNTkwOTg1NzM5NzQwNDA3XzQ3MzIxMzIyNDYyOTU3ODE5MV9uLmpwZyIsInNsaWRlc2hvdyI6IjUzNDA4ZGUifQ%3D%3D\">\n\t\t\t\t\t<div class=\"e-gallery-image elementor-gallery-item__image\" data-thumbnail=\"https:\/\/przyjaciele-legionowa.pl\/wp-content\/uploads\/2026\/04\/668558999_1590985739740407_473213224629578191_n-240x300.jpg\" data-width=\"240\" data-height=\"300\" aria-label=\"\" role=\"img\" ><\/div>\n\t\t\t\t\t\t\t\t\t\t\t<div class=\"elementor-gallery-item__overlay\"><\/div>\n\t\t\t\t\t\t\t\t\t\t\t\t\t\t<\/a>\n\t\t\t\t\t\t\t<a class=\"e-gallery-item elementor-gallery-item elementor-animated-content\" href=\"https:\/\/przyjaciele-legionowa.pl\/wp-content\/uploads\/2026\/04\/669738745_1590985846407063_4407606998278208820_n.jpg\" data-elementor-open-lightbox=\"yes\" data-elementor-lightbox-slideshow=\"53408de\" data-elementor-lightbox-title=\"669738745_1590985846407063_4407606998278208820_n\" data-e-action-hash=\"#elementor-action%3Aaction%3Dlightbox%26settings%3DeyJpZCI6Njk0NiwidXJsIjoiaHR0cHM6XC9cL3ByenlqYWNpZWxlLWxlZ2lvbm93YS5wbFwvd3AtY29udGVudFwvdXBsb2Fkc1wvMjAyNlwvMDRcLzY2OTczODc0NV8xNTkwOTg1ODQ2NDA3MDYzXzQ0MDc2MDY5OTgyNzgyMDg4MjBfbi5qcGciLCJzbGlkZXNob3ciOiI1MzQwOGRlIn0%3D\">\n\t\t\t\t\t<div class=\"e-gallery-image elementor-gallery-item__image\" data-thumbnail=\"https:\/\/przyjaciele-legionowa.pl\/wp-content\/uploads\/2026\/04\/669738745_1590985846407063_4407606998278208820_n-300x169.jpg\" data-width=\"300\" data-height=\"169\" aria-label=\"\" role=\"img\" ><\/div>\n\t\t\t\t\t\t\t\t\t\t\t<div class=\"elementor-gallery-item__overlay\"><\/div>\n\t\t\t\t\t\t\t\t\t\t\t\t\t\t<\/a>\n\t\t\t\t\t\t\t<a class=\"e-gallery-item elementor-gallery-item elementor-animated-content\" href=\"https:\/\/przyjaciele-legionowa.pl\/wp-content\/uploads\/2026\/04\/671266568_1590986226407025_7568425892153907458_n.jpg\" data-elementor-open-lightbox=\"yes\" data-elementor-lightbox-slideshow=\"53408de\" data-elementor-lightbox-title=\"671266568_1590986226407025_7568425892153907458_n\" data-e-action-hash=\"#elementor-action%3Aaction%3Dlightbox%26settings%3DeyJpZCI6Njk0NywidXJsIjoiaHR0cHM6XC9cL3ByenlqYWNpZWxlLWxlZ2lvbm93YS5wbFwvd3AtY29udGVudFwvdXBsb2Fkc1wvMjAyNlwvMDRcLzY3MTI2NjU2OF8xNTkwOTg2MjI2NDA3MDI1Xzc1Njg0MjU4OTIxNTM5MDc0NThfbi5qcGciLCJzbGlkZXNob3ciOiI1MzQwOGRlIn0%3D\">\n\t\t\t\t\t<div class=\"e-gallery-image elementor-gallery-item__image\" data-thumbnail=\"https:\/\/przyjaciele-legionowa.pl\/wp-content\/uploads\/2026\/04\/671266568_1590986226407025_7568425892153907458_n-300x169.jpg\" data-width=\"300\" data-height=\"169\" aria-label=\"\" role=\"img\" ><\/div>\n\t\t\t\t\t\t\t\t\t\t\t<div class=\"elementor-gallery-item__overlay\"><\/div>\n\t\t\t\t\t\t\t\t\t\t\t\t\t\t<\/a>\n\t\t\t\t\t<\/div>\n\t\t\t\t\t<\/div>\n\t\t\t\t<\/div>\n\t\t\t\t\t<\/div>\n\t\t\t\t<\/div>\n\t\t\t\t<\/div>\n\t\t","protected":false},"excerpt":{"rendered":"<p>W dniu 12 kwietnia 2026 roku w Legionowie odby\u0142y si\u0119 uroczyste obchody Dnia Pami\u0119ci Ofiar Zbrodni Katy\u0144skiej \u2013 jednego z najwa\u017cniejszych dni narodowej pami\u0119ci, po\u015bwi\u0119conego tysi\u0105com polskich obywateli zamordowanych wiosn\u0105 1940 roku przez sowiecki aparat terroru. W wydarzeniu uczestniczyli przedstawiciele w\u0142adz samorz\u0105dowych miasta i powiatu, reprezentanci s\u0142u\u017cb mundurowych, \u015brodowisk kombatanckich, m\u0142odzie\u017c szkolna, delegacje instytucji i [&hellip;]<\/p>\n","protected":false},"author":4,"featured_media":6946,"comment_status":"closed","ping_status":"open","sticky":false,"template":"","format":"standard","meta":{"footnotes":""},"categories":[8],"tags":[],"class_list":["post-6942","post","type-post","status-publish","format-standard","has-post-thumbnail","hentry","category-wydarzenia"],"yoast_head":"<!-- This site is optimized with the Yoast SEO plugin v27.5 - https:\/\/yoast.com\/product\/yoast-seo-wordpress\/ -->\n<title>Pami\u0119tamy o ofiarach Katynia w 84 rocznic\u0119 zbrodni - WordPress<\/title>\n<meta name=\"robots\" content=\"index, follow, max-snippet:-1, max-image-preview:large, max-video-preview:-1\" \/>\n<link rel=\"canonical\" href=\"https:\/\/przyjaciele-legionowa.pl\/index.php\/2026\/04\/12\/pamietamy-o-ofiarach-katynia-w-84-rocznice-zbrodni\/\" \/>\n<meta property=\"og:locale\" content=\"en_US\" \/>\n<meta property=\"og:type\" content=\"article\" \/>\n<meta property=\"og:title\" content=\"Pami\u0119tamy o ofiarach Katynia w 84 rocznic\u0119 zbrodni - WordPress\" \/>\n<meta property=\"og:description\" content=\"W dniu 12 kwietnia 2026 roku w Legionowie odby\u0142y si\u0119 uroczyste obchody Dnia Pami\u0119ci Ofiar Zbrodni Katy\u0144skiej \u2013 jednego z najwa\u017cniejszych dni narodowej pami\u0119ci, po\u015bwi\u0119conego tysi\u0105com polskich obywateli zamordowanych wiosn\u0105 1940 roku przez sowiecki aparat terroru. W wydarzeniu uczestniczyli przedstawiciele w\u0142adz samorz\u0105dowych miasta i powiatu, reprezentanci s\u0142u\u017cb mundurowych, \u015brodowisk kombatanckich, m\u0142odzie\u017c szkolna, delegacje instytucji i [&hellip;]\" \/>\n<meta property=\"og:url\" content=\"https:\/\/przyjaciele-legionowa.pl\/index.php\/2026\/04\/12\/pamietamy-o-ofiarach-katynia-w-84-rocznice-zbrodni\/\" \/>\n<meta property=\"og:site_name\" content=\"WordPress\" \/>\n<meta property=\"article:publisher\" content=\"https:\/\/www.facebook.com\/profile.php?id=100067066425039&amp;locale=pl_PL\" \/>\n<meta property=\"article:published_time\" content=\"2026-04-12T22:45:07+00:00\" \/>\n<meta property=\"article:modified_time\" content=\"2026-04-29T19:51:23+00:00\" \/>\n<meta property=\"og:image\" content=\"http:\/\/przyjaciele-legionowa.pl\/wp-content\/uploads\/2026\/04\/669738745_1590985846407063_4407606998278208820_n.jpg\" \/>\n\t<meta property=\"og:image:width\" content=\"2048\" \/>\n\t<meta property=\"og:image:height\" content=\"1152\" \/>\n\t<meta property=\"og:image:type\" content=\"image\/jpeg\" \/>\n<meta name=\"author\" content=\"Andrzej Bochacz\" \/>\n<meta name=\"twitter:card\" content=\"summary_large_image\" \/>\n<meta name=\"twitter:label1\" content=\"Written by\" \/>\n\t<meta name=\"twitter:data1\" content=\"Andrzej Bochacz\" \/>\n\t<meta name=\"twitter:label2\" content=\"Est. reading time\" \/>\n\t<meta name=\"twitter:data2\" content=\"4 minutes\" \/>\n<script type=\"application\/ld+json\" class=\"yoast-schema-graph\">{\"@context\":\"https:\\\/\\\/schema.org\",\"@graph\":[{\"@type\":\"Article\",\"@id\":\"https:\\\/\\\/przyjaciele-legionowa.pl\\\/index.php\\\/2026\\\/04\\\/12\\\/pamietamy-o-ofiarach-katynia-w-84-rocznice-zbrodni\\\/#article\",\"isPartOf\":{\"@id\":\"https:\\\/\\\/przyjaciele-legionowa.pl\\\/index.php\\\/2026\\\/04\\\/12\\\/pamietamy-o-ofiarach-katynia-w-84-rocznice-zbrodni\\\/\"},\"author\":{\"name\":\"Andrzej Bochacz\",\"@id\":\"https:\\\/\\\/przyjaciele-legionowa.pl\\\/#\\\/schema\\\/person\\\/a6e9a91e2edecd2f452b6fdf101e0216\"},\"headline\":\"Pami\u0119tamy o ofiarach Katynia w 84 rocznic\u0119 zbrodni\",\"datePublished\":\"2026-04-12T22:45:07+00:00\",\"dateModified\":\"2026-04-29T19:51:23+00:00\",\"mainEntityOfPage\":{\"@id\":\"https:\\\/\\\/przyjaciele-legionowa.pl\\\/index.php\\\/2026\\\/04\\\/12\\\/pamietamy-o-ofiarach-katynia-w-84-rocznice-zbrodni\\\/\"},\"wordCount\":888,\"publisher\":{\"@id\":\"https:\\\/\\\/przyjaciele-legionowa.pl\\\/#organization\"},\"image\":{\"@id\":\"https:\\\/\\\/przyjaciele-legionowa.pl\\\/index.php\\\/2026\\\/04\\\/12\\\/pamietamy-o-ofiarach-katynia-w-84-rocznice-zbrodni\\\/#primaryimage\"},\"thumbnailUrl\":\"https:\\\/\\\/przyjaciele-legionowa.pl\\\/wp-content\\\/uploads\\\/2026\\\/04\\\/669738745_1590985846407063_4407606998278208820_n.jpg\",\"articleSection\":[\"Wydarzenia\"],\"inLanguage\":\"en-US\"},{\"@type\":\"WebPage\",\"@id\":\"https:\\\/\\\/przyjaciele-legionowa.pl\\\/index.php\\\/2026\\\/04\\\/12\\\/pamietamy-o-ofiarach-katynia-w-84-rocznice-zbrodni\\\/\",\"url\":\"https:\\\/\\\/przyjaciele-legionowa.pl\\\/index.php\\\/2026\\\/04\\\/12\\\/pamietamy-o-ofiarach-katynia-w-84-rocznice-zbrodni\\\/\",\"name\":\"Pami\u0119tamy o ofiarach Katynia w 84 rocznic\u0119 zbrodni - WordPress\",\"isPartOf\":{\"@id\":\"https:\\\/\\\/przyjaciele-legionowa.pl\\\/#website\"},\"primaryImageOfPage\":{\"@id\":\"https:\\\/\\\/przyjaciele-legionowa.pl\\\/index.php\\\/2026\\\/04\\\/12\\\/pamietamy-o-ofiarach-katynia-w-84-rocznice-zbrodni\\\/#primaryimage\"},\"image\":{\"@id\":\"https:\\\/\\\/przyjaciele-legionowa.pl\\\/index.php\\\/2026\\\/04\\\/12\\\/pamietamy-o-ofiarach-katynia-w-84-rocznice-zbrodni\\\/#primaryimage\"},\"thumbnailUrl\":\"https:\\\/\\\/przyjaciele-legionowa.pl\\\/wp-content\\\/uploads\\\/2026\\\/04\\\/669738745_1590985846407063_4407606998278208820_n.jpg\",\"datePublished\":\"2026-04-12T22:45:07+00:00\",\"dateModified\":\"2026-04-29T19:51:23+00:00\",\"breadcrumb\":{\"@id\":\"https:\\\/\\\/przyjaciele-legionowa.pl\\\/index.php\\\/2026\\\/04\\\/12\\\/pamietamy-o-ofiarach-katynia-w-84-rocznice-zbrodni\\\/#breadcrumb\"},\"inLanguage\":\"en-US\",\"potentialAction\":[{\"@type\":\"ReadAction\",\"target\":[\"https:\\\/\\\/przyjaciele-legionowa.pl\\\/index.php\\\/2026\\\/04\\\/12\\\/pamietamy-o-ofiarach-katynia-w-84-rocznice-zbrodni\\\/\"]}]},{\"@type\":\"ImageObject\",\"inLanguage\":\"en-US\",\"@id\":\"https:\\\/\\\/przyjaciele-legionowa.pl\\\/index.php\\\/2026\\\/04\\\/12\\\/pamietamy-o-ofiarach-katynia-w-84-rocznice-zbrodni\\\/#primaryimage\",\"url\":\"https:\\\/\\\/przyjaciele-legionowa.pl\\\/wp-content\\\/uploads\\\/2026\\\/04\\\/669738745_1590985846407063_4407606998278208820_n.jpg\",\"contentUrl\":\"https:\\\/\\\/przyjaciele-legionowa.pl\\\/wp-content\\\/uploads\\\/2026\\\/04\\\/669738745_1590985846407063_4407606998278208820_n.jpg\",\"width\":2048,\"height\":1152},{\"@type\":\"BreadcrumbList\",\"@id\":\"https:\\\/\\\/przyjaciele-legionowa.pl\\\/index.php\\\/2026\\\/04\\\/12\\\/pamietamy-o-ofiarach-katynia-w-84-rocznice-zbrodni\\\/#breadcrumb\",\"itemListElement\":[{\"@type\":\"ListItem\",\"position\":1,\"name\":\"Strona g\u0142\u00f3wna\",\"item\":\"https:\\\/\\\/przyjaciele-legionowa.pl\\\/\"},{\"@type\":\"ListItem\",\"position\":2,\"name\":\"Pami\u0119tamy o ofiarach Katynia w 84 rocznic\u0119 zbrodni\"}]},{\"@type\":\"WebSite\",\"@id\":\"https:\\\/\\\/przyjaciele-legionowa.pl\\\/#website\",\"url\":\"https:\\\/\\\/przyjaciele-legionowa.pl\\\/\",\"name\":\"przyjaciele-legionowa.pl\",\"description\":\"Just another WordPress site\",\"publisher\":{\"@id\":\"https:\\\/\\\/przyjaciele-legionowa.pl\\\/#organization\"},\"potentialAction\":[{\"@type\":\"SearchAction\",\"target\":{\"@type\":\"EntryPoint\",\"urlTemplate\":\"https:\\\/\\\/przyjaciele-legionowa.pl\\\/?s={search_term_string}\"},\"query-input\":{\"@type\":\"PropertyValueSpecification\",\"valueRequired\":true,\"valueName\":\"search_term_string\"}}],\"inLanguage\":\"en-US\"},{\"@type\":\"Organization\",\"@id\":\"https:\\\/\\\/przyjaciele-legionowa.pl\\\/#organization\",\"name\":\"Towarzystwo Przyjaci\u00f3\u0142 Legionowa\",\"url\":\"https:\\\/\\\/przyjaciele-legionowa.pl\\\/\",\"logo\":{\"@type\":\"ImageObject\",\"inLanguage\":\"en-US\",\"@id\":\"https:\\\/\\\/przyjaciele-legionowa.pl\\\/#\\\/schema\\\/logo\\\/image\\\/\",\"url\":\"https:\\\/\\\/przyjaciele-legionowa.pl\\\/wp-content\\\/uploads\\\/2025\\\/01\\\/log-e1746416050678.jpg\",\"contentUrl\":\"https:\\\/\\\/przyjaciele-legionowa.pl\\\/wp-content\\\/uploads\\\/2025\\\/01\\\/log-e1746416050678.jpg\",\"width\":294,\"height\":430,\"caption\":\"Towarzystwo Przyjaci\u00f3\u0142 Legionowa\"},\"image\":{\"@id\":\"https:\\\/\\\/przyjaciele-legionowa.pl\\\/#\\\/schema\\\/logo\\\/image\\\/\"},\"sameAs\":[\"https:\\\/\\\/www.facebook.com\\\/profile.php?id=100067066425039&locale=pl_PL\"]},{\"@type\":\"Person\",\"@id\":\"https:\\\/\\\/przyjaciele-legionowa.pl\\\/#\\\/schema\\\/person\\\/a6e9a91e2edecd2f452b6fdf101e0216\",\"name\":\"Andrzej Bochacz\",\"image\":{\"@type\":\"ImageObject\",\"inLanguage\":\"en-US\",\"@id\":\"https:\\\/\\\/secure.gravatar.com\\\/avatar\\\/74b12e36cdf932ebe66924d9e588b5d9a6d6f9bd65020fbfe15c867ea82854e8?s=96&d=mm&r=g\",\"url\":\"https:\\\/\\\/secure.gravatar.com\\\/avatar\\\/74b12e36cdf932ebe66924d9e588b5d9a6d6f9bd65020fbfe15c867ea82854e8?s=96&d=mm&r=g\",\"contentUrl\":\"https:\\\/\\\/secure.gravatar.com\\\/avatar\\\/74b12e36cdf932ebe66924d9e588b5d9a6d6f9bd65020fbfe15c867ea82854e8?s=96&d=mm&r=g\",\"caption\":\"Andrzej Bochacz\"},\"url\":\"https:\\\/\\\/przyjaciele-legionowa.pl\\\/index.php\\\/author\\\/jendrek\\\/\"}]}<\/script>\n<!-- \/ Yoast SEO plugin. -->","yoast_head_json":{"title":"Pami\u0119tamy o ofiarach Katynia w 84 rocznic\u0119 zbrodni - WordPress","robots":{"index":"index","follow":"follow","max-snippet":"max-snippet:-1","max-image-preview":"max-image-preview:large","max-video-preview":"max-video-preview:-1"},"canonical":"https:\/\/przyjaciele-legionowa.pl\/index.php\/2026\/04\/12\/pamietamy-o-ofiarach-katynia-w-84-rocznice-zbrodni\/","og_locale":"en_US","og_type":"article","og_title":"Pami\u0119tamy o ofiarach Katynia w 84 rocznic\u0119 zbrodni - WordPress","og_description":"W dniu 12 kwietnia 2026 roku w Legionowie odby\u0142y si\u0119 uroczyste obchody Dnia Pami\u0119ci Ofiar Zbrodni Katy\u0144skiej \u2013 jednego z najwa\u017cniejszych dni narodowej pami\u0119ci, po\u015bwi\u0119conego tysi\u0105com polskich obywateli zamordowanych wiosn\u0105 1940 roku przez sowiecki aparat terroru. W wydarzeniu uczestniczyli przedstawiciele w\u0142adz samorz\u0105dowych miasta i powiatu, reprezentanci s\u0142u\u017cb mundurowych, \u015brodowisk kombatanckich, m\u0142odzie\u017c szkolna, delegacje instytucji i [&hellip;]","og_url":"https:\/\/przyjaciele-legionowa.pl\/index.php\/2026\/04\/12\/pamietamy-o-ofiarach-katynia-w-84-rocznice-zbrodni\/","og_site_name":"WordPress","article_publisher":"https:\/\/www.facebook.com\/profile.php?id=100067066425039&locale=pl_PL","article_published_time":"2026-04-12T22:45:07+00:00","article_modified_time":"2026-04-29T19:51:23+00:00","og_image":[{"width":2048,"height":1152,"url":"http:\/\/przyjaciele-legionowa.pl\/wp-content\/uploads\/2026\/04\/669738745_1590985846407063_4407606998278208820_n.jpg","type":"image\/jpeg"}],"author":"Andrzej Bochacz","twitter_card":"summary_large_image","twitter_misc":{"Written by":"Andrzej Bochacz","Est. reading time":"4 minutes"},"schema":{"@context":"https:\/\/schema.org","@graph":[{"@type":"Article","@id":"https:\/\/przyjaciele-legionowa.pl\/index.php\/2026\/04\/12\/pamietamy-o-ofiarach-katynia-w-84-rocznice-zbrodni\/#article","isPartOf":{"@id":"https:\/\/przyjaciele-legionowa.pl\/index.php\/2026\/04\/12\/pamietamy-o-ofiarach-katynia-w-84-rocznice-zbrodni\/"},"author":{"name":"Andrzej Bochacz","@id":"https:\/\/przyjaciele-legionowa.pl\/#\/schema\/person\/a6e9a91e2edecd2f452b6fdf101e0216"},"headline":"Pami\u0119tamy o ofiarach Katynia w 84 rocznic\u0119 zbrodni","datePublished":"2026-04-12T22:45:07+00:00","dateModified":"2026-04-29T19:51:23+00:00","mainEntityOfPage":{"@id":"https:\/\/przyjaciele-legionowa.pl\/index.php\/2026\/04\/12\/pamietamy-o-ofiarach-katynia-w-84-rocznice-zbrodni\/"},"wordCount":888,"publisher":{"@id":"https:\/\/przyjaciele-legionowa.pl\/#organization"},"image":{"@id":"https:\/\/przyjaciele-legionowa.pl\/index.php\/2026\/04\/12\/pamietamy-o-ofiarach-katynia-w-84-rocznice-zbrodni\/#primaryimage"},"thumbnailUrl":"https:\/\/przyjaciele-legionowa.pl\/wp-content\/uploads\/2026\/04\/669738745_1590985846407063_4407606998278208820_n.jpg","articleSection":["Wydarzenia"],"inLanguage":"en-US"},{"@type":"WebPage","@id":"https:\/\/przyjaciele-legionowa.pl\/index.php\/2026\/04\/12\/pamietamy-o-ofiarach-katynia-w-84-rocznice-zbrodni\/","url":"https:\/\/przyjaciele-legionowa.pl\/index.php\/2026\/04\/12\/pamietamy-o-ofiarach-katynia-w-84-rocznice-zbrodni\/","name":"Pami\u0119tamy o ofiarach Katynia w 84 rocznic\u0119 zbrodni - WordPress","isPartOf":{"@id":"https:\/\/przyjaciele-legionowa.pl\/#website"},"primaryImageOfPage":{"@id":"https:\/\/przyjaciele-legionowa.pl\/index.php\/2026\/04\/12\/pamietamy-o-ofiarach-katynia-w-84-rocznice-zbrodni\/#primaryimage"},"image":{"@id":"https:\/\/przyjaciele-legionowa.pl\/index.php\/2026\/04\/12\/pamietamy-o-ofiarach-katynia-w-84-rocznice-zbrodni\/#primaryimage"},"thumbnailUrl":"https:\/\/przyjaciele-legionowa.pl\/wp-content\/uploads\/2026\/04\/669738745_1590985846407063_4407606998278208820_n.jpg","datePublished":"2026-04-12T22:45:07+00:00","dateModified":"2026-04-29T19:51:23+00:00","breadcrumb":{"@id":"https:\/\/przyjaciele-legionowa.pl\/index.php\/2026\/04\/12\/pamietamy-o-ofiarach-katynia-w-84-rocznice-zbrodni\/#breadcrumb"},"inLanguage":"en-US","potentialAction":[{"@type":"ReadAction","target":["https:\/\/przyjaciele-legionowa.pl\/index.php\/2026\/04\/12\/pamietamy-o-ofiarach-katynia-w-84-rocznice-zbrodni\/"]}]},{"@type":"ImageObject","inLanguage":"en-US","@id":"https:\/\/przyjaciele-legionowa.pl\/index.php\/2026\/04\/12\/pamietamy-o-ofiarach-katynia-w-84-rocznice-zbrodni\/#primaryimage","url":"https:\/\/przyjaciele-legionowa.pl\/wp-content\/uploads\/2026\/04\/669738745_1590985846407063_4407606998278208820_n.jpg","contentUrl":"https:\/\/przyjaciele-legionowa.pl\/wp-content\/uploads\/2026\/04\/669738745_1590985846407063_4407606998278208820_n.jpg","width":2048,"height":1152},{"@type":"BreadcrumbList","@id":"https:\/\/przyjaciele-legionowa.pl\/index.php\/2026\/04\/12\/pamietamy-o-ofiarach-katynia-w-84-rocznice-zbrodni\/#breadcrumb","itemListElement":[{"@type":"ListItem","position":1,"name":"Strona g\u0142\u00f3wna","item":"https:\/\/przyjaciele-legionowa.pl\/"},{"@type":"ListItem","position":2,"name":"Pami\u0119tamy o ofiarach Katynia w 84 rocznic\u0119 zbrodni"}]},{"@type":"WebSite","@id":"https:\/\/przyjaciele-legionowa.pl\/#website","url":"https:\/\/przyjaciele-legionowa.pl\/","name":"przyjaciele-legionowa.pl","description":"Just another WordPress site","publisher":{"@id":"https:\/\/przyjaciele-legionowa.pl\/#organization"},"potentialAction":[{"@type":"SearchAction","target":{"@type":"EntryPoint","urlTemplate":"https:\/\/przyjaciele-legionowa.pl\/?s={search_term_string}"},"query-input":{"@type":"PropertyValueSpecification","valueRequired":true,"valueName":"search_term_string"}}],"inLanguage":"en-US"},{"@type":"Organization","@id":"https:\/\/przyjaciele-legionowa.pl\/#organization","name":"Towarzystwo Przyjaci\u00f3\u0142 Legionowa","url":"https:\/\/przyjaciele-legionowa.pl\/","logo":{"@type":"ImageObject","inLanguage":"en-US","@id":"https:\/\/przyjaciele-legionowa.pl\/#\/schema\/logo\/image\/","url":"https:\/\/przyjaciele-legionowa.pl\/wp-content\/uploads\/2025\/01\/log-e1746416050678.jpg","contentUrl":"https:\/\/przyjaciele-legionowa.pl\/wp-content\/uploads\/2025\/01\/log-e1746416050678.jpg","width":294,"height":430,"caption":"Towarzystwo Przyjaci\u00f3\u0142 Legionowa"},"image":{"@id":"https:\/\/przyjaciele-legionowa.pl\/#\/schema\/logo\/image\/"},"sameAs":["https:\/\/www.facebook.com\/profile.php?id=100067066425039&locale=pl_PL"]},{"@type":"Person","@id":"https:\/\/przyjaciele-legionowa.pl\/#\/schema\/person\/a6e9a91e2edecd2f452b6fdf101e0216","name":"Andrzej Bochacz","image":{"@type":"ImageObject","inLanguage":"en-US","@id":"https:\/\/secure.gravatar.com\/avatar\/74b12e36cdf932ebe66924d9e588b5d9a6d6f9bd65020fbfe15c867ea82854e8?s=96&d=mm&r=g","url":"https:\/\/secure.gravatar.com\/avatar\/74b12e36cdf932ebe66924d9e588b5d9a6d6f9bd65020fbfe15c867ea82854e8?s=96&d=mm&r=g","contentUrl":"https:\/\/secure.gravatar.com\/avatar\/74b12e36cdf932ebe66924d9e588b5d9a6d6f9bd65020fbfe15c867ea82854e8?s=96&d=mm&r=g","caption":"Andrzej Bochacz"},"url":"https:\/\/przyjaciele-legionowa.pl\/index.php\/author\/jendrek\/"}]}},"_links":{"self":[{"href":"https:\/\/przyjaciele-legionowa.pl\/index.php\/wp-json\/wp\/v2\/posts\/6942","targetHints":{"allow":["GET"]}}],"collection":[{"href":"https:\/\/przyjaciele-legionowa.pl\/index.php\/wp-json\/wp\/v2\/posts"}],"about":[{"href":"https:\/\/przyjaciele-legionowa.pl\/index.php\/wp-json\/wp\/v2\/types\/post"}],"author":[{"embeddable":true,"href":"https:\/\/przyjaciele-legionowa.pl\/index.php\/wp-json\/wp\/v2\/users\/4"}],"replies":[{"embeddable":true,"href":"https:\/\/przyjaciele-legionowa.pl\/index.php\/wp-json\/wp\/v2\/comments?post=6942"}],"version-history":[{"count":7,"href":"https:\/\/przyjaciele-legionowa.pl\/index.php\/wp-json\/wp\/v2\/posts\/6942\/revisions"}],"predecessor-version":[{"id":6954,"href":"https:\/\/przyjaciele-legionowa.pl\/index.php\/wp-json\/wp\/v2\/posts\/6942\/revisions\/6954"}],"wp:featuredmedia":[{"embeddable":true,"href":"https:\/\/przyjaciele-legionowa.pl\/index.php\/wp-json\/wp\/v2\/media\/6946"}],"wp:attachment":[{"href":"https:\/\/przyjaciele-legionowa.pl\/index.php\/wp-json\/wp\/v2\/media?parent=6942"}],"wp:term":[{"taxonomy":"category","embeddable":true,"href":"https:\/\/przyjaciele-legionowa.pl\/index.php\/wp-json\/wp\/v2\/categories?post=6942"},{"taxonomy":"post_tag","embeddable":true,"href":"https:\/\/przyjaciele-legionowa.pl\/index.php\/wp-json\/wp\/v2\/tags?post=6942"}],"curies":[{"name":"wp","href":"https:\/\/api.w.org\/{rel}","templated":true}]}}