{"id":6774,"date":"2026-01-12T21:30:59","date_gmt":"2026-01-12T21:30:59","guid":{"rendered":"https:\/\/przyjaciele-legionowa.pl\/?p=6774"},"modified":"2026-01-18T21:48:34","modified_gmt":"2026-01-18T21:48:34","slug":"legionowo-uczcilo-pamiec-wieslawa-huberta-klejmenta-ps-huragan","status":"publish","type":"post","link":"https:\/\/przyjaciele-legionowa.pl\/index.php\/2026\/01\/12\/legionowo-uczcilo-pamiec-wieslawa-huberta-klejmenta-ps-huragan\/","title":{"rendered":"Legionowo uczci\u0142o pami\u0119\u0107 Wies\u0142awa Huberta Klejmenta ps. \u201eHuragan\u201d"},"content":{"rendered":"<p>12 stycznia w Legionowie odby\u0142a si\u0119 uroczysto\u015b\u0107 ods\u0142oni\u0119cia tablicy pami\u0105tkowej po\u015bwi\u0119conej Wies\u0142awowi Hubertowi Klejmentowi ps. \u201eHuragan\u201d \u2014 harcerzowi Szarych Szereg\u00f3w i \u017co\u0142nierzowi Armii Krajowej, zwi\u0105zanemu z histori\u0105 miasta. Bohater urodzi\u0142 si\u0119 i wychowa\u0142 w Legionowie, a do konspiracji wst\u0105pi\u0142 jako bardzo m\u0142ody cz\u0142owiek. W sierpniu 1944 roku wzi\u0105\u0142 udzia\u0142 w Powstaniu Warszawskim na terenie Legionowa. Poleg\u0142 2 sierpnia 1944 roku, przenosz\u0105c meldunek pod ostrza\u0142em niemieckich czo\u0142g\u00f3w. Mia\u0142 niespe\u0142na 16 lat.<\/p>\n<p>Uroczysto\u015b\u0107 rozpocz\u0119\u0142o wyst\u0105pienie dyrektora Muzeum Historycznego w Legionowie Pana Wawrzy\u0144ca Orli\u0144skiego, kt\u00f3ry przybli\u017cy\u0142 zebranym fakty z \u017cycia i dzia\u0142alno\u015bci \u201eHuragana\u201d, wprowadzaj\u0105c uczestnik\u00f3w w realia wydarze\u0144 sprzed ponad osiemdziesi\u0119ciu lat. Nast\u0119pnie przemawia\u0142 prezydent Legionowa Pan Bogdan Kie\u0142basi\u0144ski, podkre\u015blaj\u0105c znaczenie pami\u0119ci historycznej oraz odpowiedzialno\u015b\u0107 wsp\u00f3\u0142czesnych pokole\u0144 za piel\u0119gnowanie warto\u015bci, kt\u00f3re reprezentowali bohaterowie tamtych czas\u00f3w. G\u0142os zabrali tak\u017ce przedstawiciel rodziny Pan Zbigniew Klejment oraz Pan<\/p>\n<p>Wojciech Jeute, honorowy prezes ZOPAK.<\/p>\n<p>Kulminacj\u0105 wydarzenia by\u0142o ods\u0142oni\u0119cie tablicy, po kt\u00f3rym z\u0142o\u017cono kwiaty i uczczono pami\u0119\u0107 poleg\u0142ego chwil\u0105 zadumy. Tablica, umieszczona przy rondzie imienia Wies\u0142awa Huberta Klejmenta, zosta\u0142a w\u0142\u0105czona do Turystycznego Szlaku Patriotycznego \u201ePolski Walcz\u0105cej\u201d na terenie Legionowa. W uroczysto\u015bci uczestniczyli przedstawiciele wojska, rodzina bohatera, w\u0142adze samorz\u0105dowe i powiatowe, harcerze oraz m\u0142odzie\u017c szkolna, a tak\u017ce przedstawiciele Towarzystwa Przyjaci\u00f3\u0142 Legionowa: Pani Urszula Stanaszek i Pan Krzysztof Krzyczkowski.<\/p>\n<div id='gallery-1' class='gallery galleryid-6774 gallery-columns-2 gallery-size-medium'><figure class='gallery-item'>\n\t\t\t<div class='gallery-icon portrait'>\n\t\t\t\t<a href='https:\/\/przyjaciele-legionowa.pl\/index.php\/2026\/01\/12\/legionowo-uczcilo-pamiec-wieslawa-huberta-klejmenta-ps-huragan\/image000002\/'><img fetchpriority=\"high\" decoding=\"async\" width=\"225\" height=\"300\" src=\"https:\/\/przyjaciele-legionowa.pl\/wp-content\/uploads\/2026\/01\/image000002-225x300.jpg\" class=\"attachment-medium size-medium\" alt=\"\" aria-describedby=\"gallery-1-6775\" srcset=\"https:\/\/przyjaciele-legionowa.pl\/wp-content\/uploads\/2026\/01\/image000002-225x300.jpg 225w, https:\/\/przyjaciele-legionowa.pl\/wp-content\/uploads\/2026\/01\/image000002.jpg 599w\" sizes=\"(max-width: 225px) 100vw, 225px\" \/><\/a>\n\t\t\t<\/div>\n\t\t\t\t<figcaption class='wp-caption-text gallery-caption' id='gallery-1-6775'>\n\t\t\t\tFot.K.Krzyczkowski\n\t\t\t\t<\/figcaption><\/figure><figure class='gallery-item'>\n\t\t\t<div class='gallery-icon landscape'>\n\t\t\t\t<a href='https:\/\/przyjaciele-legionowa.pl\/index.php\/2026\/01\/12\/legionowo-uczcilo-pamiec-wieslawa-huberta-klejmenta-ps-huragan\/image000001-2\/'><img decoding=\"async\" width=\"300\" height=\"225\" src=\"https:\/\/przyjaciele-legionowa.pl\/wp-content\/uploads\/2026\/01\/image000001-300x225.jpg\" class=\"attachment-medium size-medium\" alt=\"\" aria-describedby=\"gallery-1-6777\" srcset=\"https:\/\/przyjaciele-legionowa.pl\/wp-content\/uploads\/2026\/01\/image000001-300x225.jpg 300w, https:\/\/przyjaciele-legionowa.pl\/wp-content\/uploads\/2026\/01\/image000001-768x576.jpg 768w, https:\/\/przyjaciele-legionowa.pl\/wp-content\/uploads\/2026\/01\/image000001.jpg 799w\" sizes=\"(max-width: 300px) 100vw, 300px\" \/><\/a>\n\t\t\t<\/div>\n\t\t\t\t<figcaption class='wp-caption-text gallery-caption' id='gallery-1-6777'>\n\t\t\t\tFot.K.Krzyczkowski\n\t\t\t\t<\/figcaption><\/figure><figure class='gallery-item'>\n\t\t\t<div class='gallery-icon landscape'>\n\t\t\t\t<a href='https:\/\/przyjaciele-legionowa.pl\/index.php\/2026\/01\/12\/legionowo-uczcilo-pamiec-wieslawa-huberta-klejmenta-ps-huragan\/attachment\/1750552023020260113104723\/'><img decoding=\"async\" width=\"300\" height=\"225\" src=\"https:\/\/przyjaciele-legionowa.pl\/wp-content\/uploads\/2026\/01\/1750552023020260113104723-300x225.jpg\" class=\"attachment-medium size-medium\" alt=\"\" aria-describedby=\"gallery-1-6779\" srcset=\"https:\/\/przyjaciele-legionowa.pl\/wp-content\/uploads\/2026\/01\/1750552023020260113104723-300x225.jpg 300w, https:\/\/przyjaciele-legionowa.pl\/wp-content\/uploads\/2026\/01\/1750552023020260113104723-768x576.jpg 768w, https:\/\/przyjaciele-legionowa.pl\/wp-content\/uploads\/2026\/01\/1750552023020260113104723.jpg 900w\" sizes=\"(max-width: 300px) 100vw, 300px\" \/><\/a>\n\t\t\t<\/div>\n\t\t\t\t<figcaption class='wp-caption-text gallery-caption' id='gallery-1-6779'>\n\t\t\t\tFot. UM Legionowo\n\t\t\t\t<\/figcaption><\/figure><figure class='gallery-item'>\n\t\t\t<div class='gallery-icon landscape'>\n\t\t\t\t<a href='https:\/\/przyjaciele-legionowa.pl\/index.php\/2026\/01\/12\/legionowo-uczcilo-pamiec-wieslawa-huberta-klejmenta-ps-huragan\/image000000-2\/'><img loading=\"lazy\" decoding=\"async\" width=\"300\" height=\"225\" src=\"https:\/\/przyjaciele-legionowa.pl\/wp-content\/uploads\/2026\/01\/image000000-300x225.jpg\" class=\"attachment-medium size-medium\" alt=\"\" aria-describedby=\"gallery-1-6778\" srcset=\"https:\/\/przyjaciele-legionowa.pl\/wp-content\/uploads\/2026\/01\/image000000-300x225.jpg 300w, https:\/\/przyjaciele-legionowa.pl\/wp-content\/uploads\/2026\/01\/image000000.jpg 564w\" sizes=\"(max-width: 300px) 100vw, 300px\" \/><\/a>\n\t\t\t<\/div>\n\t\t\t\t<figcaption class='wp-caption-text gallery-caption' id='gallery-1-6778'>\n\t\t\t\tFot.K.Krzyczkowski\n\t\t\t\t<\/figcaption><\/figure><figure class='gallery-item'>\n\t\t\t<div class='gallery-icon portrait'>\n\t\t\t\t<a href='https:\/\/przyjaciele-legionowa.pl\/index.php\/2026\/01\/12\/legionowo-uczcilo-pamiec-wieslawa-huberta-klejmenta-ps-huragan\/image000003-2\/'><img loading=\"lazy\" decoding=\"async\" width=\"225\" height=\"300\" src=\"https:\/\/przyjaciele-legionowa.pl\/wp-content\/uploads\/2026\/01\/image000003-225x300.jpg\" class=\"attachment-medium size-medium\" alt=\"\" aria-describedby=\"gallery-1-6776\" srcset=\"https:\/\/przyjaciele-legionowa.pl\/wp-content\/uploads\/2026\/01\/image000003-225x300.jpg 225w, https:\/\/przyjaciele-legionowa.pl\/wp-content\/uploads\/2026\/01\/image000003.jpg 599w\" sizes=\"(max-width: 225px) 100vw, 225px\" \/><\/a>\n\t\t\t<\/div>\n\t\t\t\t<figcaption class='wp-caption-text gallery-caption' id='gallery-1-6776'>\n\t\t\t\tFot.K.Krzyczkowski\n\t\t\t\t<\/figcaption><\/figure>\n\t\t<\/div>\n\n","protected":false},"excerpt":{"rendered":"<p>12 stycznia w Legionowie odby\u0142a si\u0119 uroczysto\u015b\u0107 ods\u0142oni\u0119cia tablicy pami\u0105tkowej po\u015bwi\u0119conej Wies\u0142awowi Hubertowi Klejmentowi ps. \u201eHuragan\u201d \u2014 harcerzowi Szarych Szereg\u00f3w i \u017co\u0142nierzowi Armii Krajowej, zwi\u0105zanemu z histori\u0105 miasta. Bohater urodzi\u0142 si\u0119 i wychowa\u0142 w Legionowie, a do konspiracji wst\u0105pi\u0142 jako bardzo m\u0142ody cz\u0142owiek. W sierpniu 1944 roku wzi\u0105\u0142 udzia\u0142 w Powstaniu Warszawskim na terenie Legionowa. [&hellip;]<\/p>\n","protected":false},"author":4,"featured_media":6776,"comment_status":"open","ping_status":"open","sticky":false,"template":"","format":"standard","meta":{"footnotes":""},"categories":[8],"tags":[],"class_list":["post-6774","post","type-post","status-publish","format-standard","has-post-thumbnail","hentry","category-wydarzenia"],"yoast_head":"<!-- This site is optimized with the Yoast SEO plugin v27.5 - https:\/\/yoast.com\/product\/yoast-seo-wordpress\/ -->\n<title>Legionowo uczci\u0142o pami\u0119\u0107 Wies\u0142awa Huberta Klejmenta ps. \u201eHuragan\u201d - WordPress<\/title>\n<meta name=\"robots\" content=\"index, follow, max-snippet:-1, max-image-preview:large, max-video-preview:-1\" \/>\n<link rel=\"canonical\" href=\"https:\/\/przyjaciele-legionowa.pl\/index.php\/2026\/01\/12\/legionowo-uczcilo-pamiec-wieslawa-huberta-klejmenta-ps-huragan\/\" \/>\n<meta property=\"og:locale\" content=\"en_US\" \/>\n<meta property=\"og:type\" content=\"article\" \/>\n<meta property=\"og:title\" content=\"Legionowo uczci\u0142o pami\u0119\u0107 Wies\u0142awa Huberta Klejmenta ps. \u201eHuragan\u201d - WordPress\" \/>\n<meta property=\"og:description\" content=\"12 stycznia w Legionowie odby\u0142a si\u0119 uroczysto\u015b\u0107 ods\u0142oni\u0119cia tablicy pami\u0105tkowej po\u015bwi\u0119conej Wies\u0142awowi Hubertowi Klejmentowi ps. \u201eHuragan\u201d \u2014 harcerzowi Szarych Szereg\u00f3w i \u017co\u0142nierzowi Armii Krajowej, zwi\u0105zanemu z histori\u0105 miasta. Bohater urodzi\u0142 si\u0119 i wychowa\u0142 w Legionowie, a do konspiracji wst\u0105pi\u0142 jako bardzo m\u0142ody cz\u0142owiek. W sierpniu 1944 roku wzi\u0105\u0142 udzia\u0142 w Powstaniu Warszawskim na terenie Legionowa. [&hellip;]\" \/>\n<meta property=\"og:url\" content=\"https:\/\/przyjaciele-legionowa.pl\/index.php\/2026\/01\/12\/legionowo-uczcilo-pamiec-wieslawa-huberta-klejmenta-ps-huragan\/\" \/>\n<meta property=\"og:site_name\" content=\"WordPress\" \/>\n<meta property=\"article:publisher\" content=\"https:\/\/www.facebook.com\/profile.php?id=100067066425039&amp;locale=pl_PL\" \/>\n<meta property=\"article:published_time\" content=\"2026-01-12T21:30:59+00:00\" \/>\n<meta property=\"article:modified_time\" content=\"2026-01-18T21:48:34+00:00\" \/>\n<meta property=\"og:image\" content=\"https:\/\/przyjaciele-legionowa.pl\/wp-content\/uploads\/2026\/01\/image000003.jpg\" \/>\n\t<meta property=\"og:image:width\" content=\"599\" \/>\n\t<meta property=\"og:image:height\" content=\"799\" \/>\n\t<meta property=\"og:image:type\" content=\"image\/jpeg\" \/>\n<meta name=\"author\" content=\"Andrzej Bochacz\" \/>\n<meta name=\"twitter:card\" content=\"summary_large_image\" \/>\n<meta name=\"twitter:label1\" content=\"Written by\" \/>\n\t<meta name=\"twitter:data1\" content=\"Andrzej Bochacz\" \/>\n\t<meta name=\"twitter:label2\" content=\"Est. reading time\" \/>\n\t<meta name=\"twitter:data2\" content=\"1 minute\" \/>\n<script type=\"application\/ld+json\" class=\"yoast-schema-graph\">{\"@context\":\"https:\\\/\\\/schema.org\",\"@graph\":[{\"@type\":\"Article\",\"@id\":\"https:\\\/\\\/przyjaciele-legionowa.pl\\\/index.php\\\/2026\\\/01\\\/12\\\/legionowo-uczcilo-pamiec-wieslawa-huberta-klejmenta-ps-huragan\\\/#article\",\"isPartOf\":{\"@id\":\"https:\\\/\\\/przyjaciele-legionowa.pl\\\/index.php\\\/2026\\\/01\\\/12\\\/legionowo-uczcilo-pamiec-wieslawa-huberta-klejmenta-ps-huragan\\\/\"},\"author\":{\"name\":\"Andrzej Bochacz\",\"@id\":\"https:\\\/\\\/przyjaciele-legionowa.pl\\\/#\\\/schema\\\/person\\\/a6e9a91e2edecd2f452b6fdf101e0216\"},\"headline\":\"Legionowo uczci\u0142o pami\u0119\u0107 Wies\u0142awa Huberta Klejmenta ps. \u201eHuragan\u201d\",\"datePublished\":\"2026-01-12T21:30:59+00:00\",\"dateModified\":\"2026-01-18T21:48:34+00:00\",\"mainEntityOfPage\":{\"@id\":\"https:\\\/\\\/przyjaciele-legionowa.pl\\\/index.php\\\/2026\\\/01\\\/12\\\/legionowo-uczcilo-pamiec-wieslawa-huberta-klejmenta-ps-huragan\\\/\"},\"wordCount\":266,\"commentCount\":0,\"publisher\":{\"@id\":\"https:\\\/\\\/przyjaciele-legionowa.pl\\\/#organization\"},\"image\":{\"@id\":\"https:\\\/\\\/przyjaciele-legionowa.pl\\\/index.php\\\/2026\\\/01\\\/12\\\/legionowo-uczcilo-pamiec-wieslawa-huberta-klejmenta-ps-huragan\\\/#primaryimage\"},\"thumbnailUrl\":\"https:\\\/\\\/przyjaciele-legionowa.pl\\\/wp-content\\\/uploads\\\/2026\\\/01\\\/image000003.jpg\",\"articleSection\":[\"Wydarzenia\"],\"inLanguage\":\"en-US\",\"potentialAction\":[{\"@type\":\"CommentAction\",\"name\":\"Comment\",\"target\":[\"https:\\\/\\\/przyjaciele-legionowa.pl\\\/index.php\\\/2026\\\/01\\\/12\\\/legionowo-uczcilo-pamiec-wieslawa-huberta-klejmenta-ps-huragan\\\/#respond\"]}]},{\"@type\":\"WebPage\",\"@id\":\"https:\\\/\\\/przyjaciele-legionowa.pl\\\/index.php\\\/2026\\\/01\\\/12\\\/legionowo-uczcilo-pamiec-wieslawa-huberta-klejmenta-ps-huragan\\\/\",\"url\":\"https:\\\/\\\/przyjaciele-legionowa.pl\\\/index.php\\\/2026\\\/01\\\/12\\\/legionowo-uczcilo-pamiec-wieslawa-huberta-klejmenta-ps-huragan\\\/\",\"name\":\"Legionowo uczci\u0142o pami\u0119\u0107 Wies\u0142awa Huberta Klejmenta ps. \u201eHuragan\u201d - WordPress\",\"isPartOf\":{\"@id\":\"https:\\\/\\\/przyjaciele-legionowa.pl\\\/#website\"},\"primaryImageOfPage\":{\"@id\":\"https:\\\/\\\/przyjaciele-legionowa.pl\\\/index.php\\\/2026\\\/01\\\/12\\\/legionowo-uczcilo-pamiec-wieslawa-huberta-klejmenta-ps-huragan\\\/#primaryimage\"},\"image\":{\"@id\":\"https:\\\/\\\/przyjaciele-legionowa.pl\\\/index.php\\\/2026\\\/01\\\/12\\\/legionowo-uczcilo-pamiec-wieslawa-huberta-klejmenta-ps-huragan\\\/#primaryimage\"},\"thumbnailUrl\":\"https:\\\/\\\/przyjaciele-legionowa.pl\\\/wp-content\\\/uploads\\\/2026\\\/01\\\/image000003.jpg\",\"datePublished\":\"2026-01-12T21:30:59+00:00\",\"dateModified\":\"2026-01-18T21:48:34+00:00\",\"breadcrumb\":{\"@id\":\"https:\\\/\\\/przyjaciele-legionowa.pl\\\/index.php\\\/2026\\\/01\\\/12\\\/legionowo-uczcilo-pamiec-wieslawa-huberta-klejmenta-ps-huragan\\\/#breadcrumb\"},\"inLanguage\":\"en-US\",\"potentialAction\":[{\"@type\":\"ReadAction\",\"target\":[\"https:\\\/\\\/przyjaciele-legionowa.pl\\\/index.php\\\/2026\\\/01\\\/12\\\/legionowo-uczcilo-pamiec-wieslawa-huberta-klejmenta-ps-huragan\\\/\"]}]},{\"@type\":\"ImageObject\",\"inLanguage\":\"en-US\",\"@id\":\"https:\\\/\\\/przyjaciele-legionowa.pl\\\/index.php\\\/2026\\\/01\\\/12\\\/legionowo-uczcilo-pamiec-wieslawa-huberta-klejmenta-ps-huragan\\\/#primaryimage\",\"url\":\"https:\\\/\\\/przyjaciele-legionowa.pl\\\/wp-content\\\/uploads\\\/2026\\\/01\\\/image000003.jpg\",\"contentUrl\":\"https:\\\/\\\/przyjaciele-legionowa.pl\\\/wp-content\\\/uploads\\\/2026\\\/01\\\/image000003.jpg\",\"width\":599,\"height\":799,\"caption\":\"Fot.K.Krzyczkowski\"},{\"@type\":\"BreadcrumbList\",\"@id\":\"https:\\\/\\\/przyjaciele-legionowa.pl\\\/index.php\\\/2026\\\/01\\\/12\\\/legionowo-uczcilo-pamiec-wieslawa-huberta-klejmenta-ps-huragan\\\/#breadcrumb\",\"itemListElement\":[{\"@type\":\"ListItem\",\"position\":1,\"name\":\"Strona g\u0142\u00f3wna\",\"item\":\"https:\\\/\\\/przyjaciele-legionowa.pl\\\/\"},{\"@type\":\"ListItem\",\"position\":2,\"name\":\"Legionowo uczci\u0142o pami\u0119\u0107 Wies\u0142awa Huberta Klejmenta ps. \u201eHuragan\u201d\"}]},{\"@type\":\"WebSite\",\"@id\":\"https:\\\/\\\/przyjaciele-legionowa.pl\\\/#website\",\"url\":\"https:\\\/\\\/przyjaciele-legionowa.pl\\\/\",\"name\":\"przyjaciele-legionowa.pl\",\"description\":\"Just another WordPress site\",\"publisher\":{\"@id\":\"https:\\\/\\\/przyjaciele-legionowa.pl\\\/#organization\"},\"potentialAction\":[{\"@type\":\"SearchAction\",\"target\":{\"@type\":\"EntryPoint\",\"urlTemplate\":\"https:\\\/\\\/przyjaciele-legionowa.pl\\\/?s={search_term_string}\"},\"query-input\":{\"@type\":\"PropertyValueSpecification\",\"valueRequired\":true,\"valueName\":\"search_term_string\"}}],\"inLanguage\":\"en-US\"},{\"@type\":\"Organization\",\"@id\":\"https:\\\/\\\/przyjaciele-legionowa.pl\\\/#organization\",\"name\":\"Towarzystwo Przyjaci\u00f3\u0142 Legionowa\",\"url\":\"https:\\\/\\\/przyjaciele-legionowa.pl\\\/\",\"logo\":{\"@type\":\"ImageObject\",\"inLanguage\":\"en-US\",\"@id\":\"https:\\\/\\\/przyjaciele-legionowa.pl\\\/#\\\/schema\\\/logo\\\/image\\\/\",\"url\":\"https:\\\/\\\/przyjaciele-legionowa.pl\\\/wp-content\\\/uploads\\\/2025\\\/01\\\/log-e1746416050678.jpg\",\"contentUrl\":\"https:\\\/\\\/przyjaciele-legionowa.pl\\\/wp-content\\\/uploads\\\/2025\\\/01\\\/log-e1746416050678.jpg\",\"width\":294,\"height\":430,\"caption\":\"Towarzystwo Przyjaci\u00f3\u0142 Legionowa\"},\"image\":{\"@id\":\"https:\\\/\\\/przyjaciele-legionowa.pl\\\/#\\\/schema\\\/logo\\\/image\\\/\"},\"sameAs\":[\"https:\\\/\\\/www.facebook.com\\\/profile.php?id=100067066425039&locale=pl_PL\"]},{\"@type\":\"Person\",\"@id\":\"https:\\\/\\\/przyjaciele-legionowa.pl\\\/#\\\/schema\\\/person\\\/a6e9a91e2edecd2f452b6fdf101e0216\",\"name\":\"Andrzej Bochacz\",\"image\":{\"@type\":\"ImageObject\",\"inLanguage\":\"en-US\",\"@id\":\"https:\\\/\\\/secure.gravatar.com\\\/avatar\\\/74b12e36cdf932ebe66924d9e588b5d9a6d6f9bd65020fbfe15c867ea82854e8?s=96&d=mm&r=g\",\"url\":\"https:\\\/\\\/secure.gravatar.com\\\/avatar\\\/74b12e36cdf932ebe66924d9e588b5d9a6d6f9bd65020fbfe15c867ea82854e8?s=96&d=mm&r=g\",\"contentUrl\":\"https:\\\/\\\/secure.gravatar.com\\\/avatar\\\/74b12e36cdf932ebe66924d9e588b5d9a6d6f9bd65020fbfe15c867ea82854e8?s=96&d=mm&r=g\",\"caption\":\"Andrzej Bochacz\"},\"url\":\"https:\\\/\\\/przyjaciele-legionowa.pl\\\/index.php\\\/author\\\/jendrek\\\/\"}]}<\/script>\n<!-- \/ Yoast SEO plugin. -->","yoast_head_json":{"title":"Legionowo uczci\u0142o pami\u0119\u0107 Wies\u0142awa Huberta Klejmenta ps. \u201eHuragan\u201d - WordPress","robots":{"index":"index","follow":"follow","max-snippet":"max-snippet:-1","max-image-preview":"max-image-preview:large","max-video-preview":"max-video-preview:-1"},"canonical":"https:\/\/przyjaciele-legionowa.pl\/index.php\/2026\/01\/12\/legionowo-uczcilo-pamiec-wieslawa-huberta-klejmenta-ps-huragan\/","og_locale":"en_US","og_type":"article","og_title":"Legionowo uczci\u0142o pami\u0119\u0107 Wies\u0142awa Huberta Klejmenta ps. \u201eHuragan\u201d - WordPress","og_description":"12 stycznia w Legionowie odby\u0142a si\u0119 uroczysto\u015b\u0107 ods\u0142oni\u0119cia tablicy pami\u0105tkowej po\u015bwi\u0119conej Wies\u0142awowi Hubertowi Klejmentowi ps. \u201eHuragan\u201d \u2014 harcerzowi Szarych Szereg\u00f3w i \u017co\u0142nierzowi Armii Krajowej, zwi\u0105zanemu z histori\u0105 miasta. Bohater urodzi\u0142 si\u0119 i wychowa\u0142 w Legionowie, a do konspiracji wst\u0105pi\u0142 jako bardzo m\u0142ody cz\u0142owiek. W sierpniu 1944 roku wzi\u0105\u0142 udzia\u0142 w Powstaniu Warszawskim na terenie Legionowa. [&hellip;]","og_url":"https:\/\/przyjaciele-legionowa.pl\/index.php\/2026\/01\/12\/legionowo-uczcilo-pamiec-wieslawa-huberta-klejmenta-ps-huragan\/","og_site_name":"WordPress","article_publisher":"https:\/\/www.facebook.com\/profile.php?id=100067066425039&locale=pl_PL","article_published_time":"2026-01-12T21:30:59+00:00","article_modified_time":"2026-01-18T21:48:34+00:00","og_image":[{"width":599,"height":799,"url":"https:\/\/przyjaciele-legionowa.pl\/wp-content\/uploads\/2026\/01\/image000003.jpg","type":"image\/jpeg"}],"author":"Andrzej Bochacz","twitter_card":"summary_large_image","twitter_misc":{"Written by":"Andrzej Bochacz","Est. reading time":"1 minute"},"schema":{"@context":"https:\/\/schema.org","@graph":[{"@type":"Article","@id":"https:\/\/przyjaciele-legionowa.pl\/index.php\/2026\/01\/12\/legionowo-uczcilo-pamiec-wieslawa-huberta-klejmenta-ps-huragan\/#article","isPartOf":{"@id":"https:\/\/przyjaciele-legionowa.pl\/index.php\/2026\/01\/12\/legionowo-uczcilo-pamiec-wieslawa-huberta-klejmenta-ps-huragan\/"},"author":{"name":"Andrzej Bochacz","@id":"https:\/\/przyjaciele-legionowa.pl\/#\/schema\/person\/a6e9a91e2edecd2f452b6fdf101e0216"},"headline":"Legionowo uczci\u0142o pami\u0119\u0107 Wies\u0142awa Huberta Klejmenta ps. \u201eHuragan\u201d","datePublished":"2026-01-12T21:30:59+00:00","dateModified":"2026-01-18T21:48:34+00:00","mainEntityOfPage":{"@id":"https:\/\/przyjaciele-legionowa.pl\/index.php\/2026\/01\/12\/legionowo-uczcilo-pamiec-wieslawa-huberta-klejmenta-ps-huragan\/"},"wordCount":266,"commentCount":0,"publisher":{"@id":"https:\/\/przyjaciele-legionowa.pl\/#organization"},"image":{"@id":"https:\/\/przyjaciele-legionowa.pl\/index.php\/2026\/01\/12\/legionowo-uczcilo-pamiec-wieslawa-huberta-klejmenta-ps-huragan\/#primaryimage"},"thumbnailUrl":"https:\/\/przyjaciele-legionowa.pl\/wp-content\/uploads\/2026\/01\/image000003.jpg","articleSection":["Wydarzenia"],"inLanguage":"en-US","potentialAction":[{"@type":"CommentAction","name":"Comment","target":["https:\/\/przyjaciele-legionowa.pl\/index.php\/2026\/01\/12\/legionowo-uczcilo-pamiec-wieslawa-huberta-klejmenta-ps-huragan\/#respond"]}]},{"@type":"WebPage","@id":"https:\/\/przyjaciele-legionowa.pl\/index.php\/2026\/01\/12\/legionowo-uczcilo-pamiec-wieslawa-huberta-klejmenta-ps-huragan\/","url":"https:\/\/przyjaciele-legionowa.pl\/index.php\/2026\/01\/12\/legionowo-uczcilo-pamiec-wieslawa-huberta-klejmenta-ps-huragan\/","name":"Legionowo uczci\u0142o pami\u0119\u0107 Wies\u0142awa Huberta Klejmenta ps. \u201eHuragan\u201d - WordPress","isPartOf":{"@id":"https:\/\/przyjaciele-legionowa.pl\/#website"},"primaryImageOfPage":{"@id":"https:\/\/przyjaciele-legionowa.pl\/index.php\/2026\/01\/12\/legionowo-uczcilo-pamiec-wieslawa-huberta-klejmenta-ps-huragan\/#primaryimage"},"image":{"@id":"https:\/\/przyjaciele-legionowa.pl\/index.php\/2026\/01\/12\/legionowo-uczcilo-pamiec-wieslawa-huberta-klejmenta-ps-huragan\/#primaryimage"},"thumbnailUrl":"https:\/\/przyjaciele-legionowa.pl\/wp-content\/uploads\/2026\/01\/image000003.jpg","datePublished":"2026-01-12T21:30:59+00:00","dateModified":"2026-01-18T21:48:34+00:00","breadcrumb":{"@id":"https:\/\/przyjaciele-legionowa.pl\/index.php\/2026\/01\/12\/legionowo-uczcilo-pamiec-wieslawa-huberta-klejmenta-ps-huragan\/#breadcrumb"},"inLanguage":"en-US","potentialAction":[{"@type":"ReadAction","target":["https:\/\/przyjaciele-legionowa.pl\/index.php\/2026\/01\/12\/legionowo-uczcilo-pamiec-wieslawa-huberta-klejmenta-ps-huragan\/"]}]},{"@type":"ImageObject","inLanguage":"en-US","@id":"https:\/\/przyjaciele-legionowa.pl\/index.php\/2026\/01\/12\/legionowo-uczcilo-pamiec-wieslawa-huberta-klejmenta-ps-huragan\/#primaryimage","url":"https:\/\/przyjaciele-legionowa.pl\/wp-content\/uploads\/2026\/01\/image000003.jpg","contentUrl":"https:\/\/przyjaciele-legionowa.pl\/wp-content\/uploads\/2026\/01\/image000003.jpg","width":599,"height":799,"caption":"Fot.K.Krzyczkowski"},{"@type":"BreadcrumbList","@id":"https:\/\/przyjaciele-legionowa.pl\/index.php\/2026\/01\/12\/legionowo-uczcilo-pamiec-wieslawa-huberta-klejmenta-ps-huragan\/#breadcrumb","itemListElement":[{"@type":"ListItem","position":1,"name":"Strona g\u0142\u00f3wna","item":"https:\/\/przyjaciele-legionowa.pl\/"},{"@type":"ListItem","position":2,"name":"Legionowo uczci\u0142o pami\u0119\u0107 Wies\u0142awa Huberta Klejmenta ps. \u201eHuragan\u201d"}]},{"@type":"WebSite","@id":"https:\/\/przyjaciele-legionowa.pl\/#website","url":"https:\/\/przyjaciele-legionowa.pl\/","name":"przyjaciele-legionowa.pl","description":"Just another WordPress site","publisher":{"@id":"https:\/\/przyjaciele-legionowa.pl\/#organization"},"potentialAction":[{"@type":"SearchAction","target":{"@type":"EntryPoint","urlTemplate":"https:\/\/przyjaciele-legionowa.pl\/?s={search_term_string}"},"query-input":{"@type":"PropertyValueSpecification","valueRequired":true,"valueName":"search_term_string"}}],"inLanguage":"en-US"},{"@type":"Organization","@id":"https:\/\/przyjaciele-legionowa.pl\/#organization","name":"Towarzystwo Przyjaci\u00f3\u0142 Legionowa","url":"https:\/\/przyjaciele-legionowa.pl\/","logo":{"@type":"ImageObject","inLanguage":"en-US","@id":"https:\/\/przyjaciele-legionowa.pl\/#\/schema\/logo\/image\/","url":"https:\/\/przyjaciele-legionowa.pl\/wp-content\/uploads\/2025\/01\/log-e1746416050678.jpg","contentUrl":"https:\/\/przyjaciele-legionowa.pl\/wp-content\/uploads\/2025\/01\/log-e1746416050678.jpg","width":294,"height":430,"caption":"Towarzystwo Przyjaci\u00f3\u0142 Legionowa"},"image":{"@id":"https:\/\/przyjaciele-legionowa.pl\/#\/schema\/logo\/image\/"},"sameAs":["https:\/\/www.facebook.com\/profile.php?id=100067066425039&locale=pl_PL"]},{"@type":"Person","@id":"https:\/\/przyjaciele-legionowa.pl\/#\/schema\/person\/a6e9a91e2edecd2f452b6fdf101e0216","name":"Andrzej Bochacz","image":{"@type":"ImageObject","inLanguage":"en-US","@id":"https:\/\/secure.gravatar.com\/avatar\/74b12e36cdf932ebe66924d9e588b5d9a6d6f9bd65020fbfe15c867ea82854e8?s=96&d=mm&r=g","url":"https:\/\/secure.gravatar.com\/avatar\/74b12e36cdf932ebe66924d9e588b5d9a6d6f9bd65020fbfe15c867ea82854e8?s=96&d=mm&r=g","contentUrl":"https:\/\/secure.gravatar.com\/avatar\/74b12e36cdf932ebe66924d9e588b5d9a6d6f9bd65020fbfe15c867ea82854e8?s=96&d=mm&r=g","caption":"Andrzej Bochacz"},"url":"https:\/\/przyjaciele-legionowa.pl\/index.php\/author\/jendrek\/"}]}},"_links":{"self":[{"href":"https:\/\/przyjaciele-legionowa.pl\/index.php\/wp-json\/wp\/v2\/posts\/6774","targetHints":{"allow":["GET"]}}],"collection":[{"href":"https:\/\/przyjaciele-legionowa.pl\/index.php\/wp-json\/wp\/v2\/posts"}],"about":[{"href":"https:\/\/przyjaciele-legionowa.pl\/index.php\/wp-json\/wp\/v2\/types\/post"}],"author":[{"embeddable":true,"href":"https:\/\/przyjaciele-legionowa.pl\/index.php\/wp-json\/wp\/v2\/users\/4"}],"replies":[{"embeddable":true,"href":"https:\/\/przyjaciele-legionowa.pl\/index.php\/wp-json\/wp\/v2\/comments?post=6774"}],"version-history":[{"count":1,"href":"https:\/\/przyjaciele-legionowa.pl\/index.php\/wp-json\/wp\/v2\/posts\/6774\/revisions"}],"predecessor-version":[{"id":6780,"href":"https:\/\/przyjaciele-legionowa.pl\/index.php\/wp-json\/wp\/v2\/posts\/6774\/revisions\/6780"}],"wp:featuredmedia":[{"embeddable":true,"href":"https:\/\/przyjaciele-legionowa.pl\/index.php\/wp-json\/wp\/v2\/media\/6776"}],"wp:attachment":[{"href":"https:\/\/przyjaciele-legionowa.pl\/index.php\/wp-json\/wp\/v2\/media?parent=6774"}],"wp:term":[{"taxonomy":"category","embeddable":true,"href":"https:\/\/przyjaciele-legionowa.pl\/index.php\/wp-json\/wp\/v2\/categories?post=6774"},{"taxonomy":"post_tag","embeddable":true,"href":"https:\/\/przyjaciele-legionowa.pl\/index.php\/wp-json\/wp\/v2\/tags?post=6774"}],"curies":[{"name":"wp","href":"https:\/\/api.w.org\/{rel}","templated":true}]}}