{"id":6653,"date":"2025-10-31T19:39:47","date_gmt":"2025-10-31T19:39:47","guid":{"rendered":"https:\/\/przyjaciele-legionowa.pl\/?p=6653"},"modified":"2025-10-31T20:00:39","modified_gmt":"2025-10-31T20:00:39","slug":"zajecia-przygotowujace-do-konkursu-genealogicznego-bez-korzeni-nie-zakwitniesz","status":"publish","type":"post","link":"https:\/\/przyjaciele-legionowa.pl\/index.php\/2025\/10\/31\/zajecia-przygotowujace-do-konkursu-genealogicznego-bez-korzeni-nie-zakwitniesz\/","title":{"rendered":"Zaj\u0119cia przygotowuj\u0105ce do konkursu genealogicznego &#8220;Bez korzeni nie zakwitniesz&#8221;"},"content":{"rendered":"\t\t<div data-elementor-type=\"wp-post\" data-elementor-id=\"6653\" class=\"elementor elementor-6653\" data-elementor-post-type=\"post\">\n\t\t\t\t<div class=\"elementor-element elementor-element-9b89b8a e-flex e-con-boxed e-con e-parent\" data-id=\"9b89b8a\" data-element_type=\"container\" data-e-type=\"container\">\n\t\t\t\t\t<div class=\"e-con-inner\">\n\t\t\t\t<div class=\"elementor-element elementor-element-76ff610 elementor-widget elementor-widget-text-editor\" data-id=\"76ff610\" data-element_type=\"widget\" data-e-type=\"widget\" data-widget_type=\"text-editor.default\">\n\t\t\t\t<div class=\"elementor-widget-container\">\n\t\t\t\t\t\t\t\t\t<p>Bezp\u0142atne wyk\u0142ady oraz konsultacje dla uczni\u00f3w klas VII i VIII b\u0119d\u0105 si\u0119 odbywa\u0142y w pi\u0105tki w godzinach 16-17 w Poczytalni (<a href=\"https:\/\/maps.app.goo.gl\/mpMtsHxe3WV5ry5y5\" target=\"_blank\" rel=\"noopener\">ul. Ko\u015bciuszki 8a 05-120 Legionowo<\/a>).<\/p><p>Naczelny Dyrektor Archiw\u00f3w Pa\u0144stwowych we wsp\u00f3\u0142pracy z Ministrem Edukacji Narodowej organizuje pi\u0105t\u0105 edycj\u0119 konkursu \u201eBez korzeni nie zakwitniesz. Moja Wielka i Ma\u0142a Ojczyzna\u201d. Konkurs skierowany jest do uczni\u00f3w szk\u00f3\u0142 podstawowych.<br \/>Projekt sk\u0142ada si\u0119 z dwu faz. Najpierw trzeba wyszuka\u0107 w archiwach rodzinnych i pa\u0144stwowych dokumenty dotycz\u0105ce przodk\u00f3w i stworzy\u0107 na ich podstawie wykres zale\u017cno\u015bci rodzinnych (tu nazywanym drzewem genealogicznym).<br \/>W drugim kroku na podstawie zgromadzonej wiedzy nale\u017cy opisa\u0107 losy rodziny na tle wielkiej historii.<\/p><p>Etap szkolny odb\u0119dzie si\u0119 w terminie 9-16 marca 2026 r. Prace wy\u0142onione w etapie szkolnym nale\u017cy przes\u0142a\u0107 do Archiw\u00f3w Pa\u0144stwowych w terminie 17-24 marca 2026 r. za po\u015brednictwem formularza zg\u0142oszeniowego zamieszczonego na stronie internetowej konkursu\u00a0 <a href=\"https:\/\/archiwarodzinne.gov.pl\/\" target=\"_blank\" rel=\"noopener\">archiwarodzinne.gov.pl<\/a>.<br \/>Powy\u017csza strona prezentuje tak\u017ce regulamin konkursu, szczeg\u00f3\u0142owe informacje i materia\u0142y pomocnicze.<\/p><p>W 2025 roku przewidujemy bezp\u0142atne wyk\u0142ady oraz konsultacje :<br \/>7.11 &#8211; Zaj\u0119cia wst\u0119pne &#8211; za\u0142o\u017cenia konkursu oraz pierwsze kroki<br \/>14.11 &#8211; Podstawy genealogii (wyw\u00f3d przodk\u00f3w, drzewo genealogiczne)<br \/>21.11 &#8211; Szukamy akt &#8211; archiwa, skany, indeksy<br \/>28.11 &#8211; Zab\u00f3r rosyjski &#8211; jak szuka\u0107 przodk\u00f3w w Kr\u00f3lestwie Polskim<br \/>5.12 &#8211; Spisujemy histori\u0119 rodziny i zbieramy dokumenty<br \/>12.12 &#8211; Zapisywanie wynik\u00f3w i ich prezentacja &#8211; programy genealogiczne<\/p><p>Organizatorami zaj\u0119\u0107 s\u0105 Towarzystwo Przyjaci\u00f3\u0142 Legionowa wraz z <a href=\"https:\/\/www.bibliotekalegionowo.pl\/\" target=\"_blank\" rel=\"noopener\">Bibliotek\u0105 Miejsk\u0105 w Legionowie<\/a> i <a href=\"https:\/\/muzeum.legionowo.pl\/\" target=\"_blank\" rel=\"noopener\">Muzeum Historycznym w Legionowie<\/a>.<br \/>Zaj\u0119cia prowadzi Maciej Adam Markowski &#8211; cz\u0142onek zarz\u0105du Warszawskiego Towarzystwa Genealogicznego, cz\u0142onek Polskiego Towarzystwa Genealogicznego, a tak\u017ce cz\u0142onek zarz\u0105du Towarzystwa Przyjaci\u00f3\u0142 Legionowa.<br \/>Wyk\u0142ady 2026 roku b\u0119d\u0105 prowadzone w miar\u0119 potrzeb.<\/p>\t\t\t\t\t\t\t\t<\/div>\n\t\t\t\t<\/div>\n\t\t\t\t\t<\/div>\n\t\t\t\t<\/div>\n\t\t<div class=\"elementor-element elementor-element-2d6af86 e-flex e-con-boxed e-con e-parent\" data-id=\"2d6af86\" data-element_type=\"container\" data-e-type=\"container\">\n\t\t\t\t\t<div class=\"e-con-inner\">\n\t\t\t\t<div class=\"elementor-element elementor-element-3dcc36c elementor-widget elementor-widget-image\" data-id=\"3dcc36c\" data-element_type=\"widget\" data-e-type=\"widget\" data-widget_type=\"image.default\">\n\t\t\t\t<div class=\"elementor-widget-container\">\n\t\t\t\t\t\t\t\t\t\t\t\t\t\t\t<img fetchpriority=\"high\" decoding=\"async\" width=\"724\" height=\"1024\" src=\"https:\/\/przyjaciele-legionowa.pl\/wp-content\/uploads\/2025\/10\/Zajecia-przygotowujace-do-konkursu-\u201eBez-korzeni-nie-zakwitniesz-724x1024.jpg\" class=\"attachment-large size-large wp-image-6645\" alt=\"Zaj\u0119cia przygotowuj\u0105ce do konkursu genealogicznego Bez korzeni nie zakwitniesz\" srcset=\"https:\/\/przyjaciele-legionowa.pl\/wp-content\/uploads\/2025\/10\/Zajecia-przygotowujace-do-konkursu-\u201eBez-korzeni-nie-zakwitniesz-724x1024.jpg 724w, https:\/\/przyjaciele-legionowa.pl\/wp-content\/uploads\/2025\/10\/Zajecia-przygotowujace-do-konkursu-\u201eBez-korzeni-nie-zakwitniesz-212x300.jpg 212w, https:\/\/przyjaciele-legionowa.pl\/wp-content\/uploads\/2025\/10\/Zajecia-przygotowujace-do-konkursu-\u201eBez-korzeni-nie-zakwitniesz-768x1086.jpg 768w, https:\/\/przyjaciele-legionowa.pl\/wp-content\/uploads\/2025\/10\/Zajecia-przygotowujace-do-konkursu-\u201eBez-korzeni-nie-zakwitniesz-1086x1536.jpg 1086w, https:\/\/przyjaciele-legionowa.pl\/wp-content\/uploads\/2025\/10\/Zajecia-przygotowujace-do-konkursu-\u201eBez-korzeni-nie-zakwitniesz-1320x1867.jpg 1320w, https:\/\/przyjaciele-legionowa.pl\/wp-content\/uploads\/2025\/10\/Zajecia-przygotowujace-do-konkursu-\u201eBez-korzeni-nie-zakwitniesz.jpg 1414w\" sizes=\"(max-width: 724px) 100vw, 724px\" \/>\t\t\t\t\t\t\t\t\t\t\t\t\t\t\t<\/div>\n\t\t\t\t<\/div>\n\t\t\t\t\t<\/div>\n\t\t\t\t<\/div>\n\t\t<div class=\"elementor-element elementor-element-bc73a09 e-flex e-con-boxed e-con e-parent\" data-id=\"bc73a09\" data-element_type=\"container\" data-e-type=\"container\">\n\t\t\t\t\t<div class=\"e-con-inner\">\n\t\t\t\t<div class=\"elementor-element elementor-element-30a19d3 elementor-widget elementor-widget-text-editor\" data-id=\"30a19d3\" data-element_type=\"widget\" data-e-type=\"widget\" data-widget_type=\"text-editor.default\">\n\t\t\t\t<div class=\"elementor-widget-container\">\n\t\t\t\t\t\t\t\t\t<p>Projekt sk\u0142ada si\u0119 z dwu faz. Najpierw trzeba wyszuka\u0107 w archiwach rodzinnych i pa\u0144stwowych dokumenty dotycz\u0105ce przodk\u00f3w i stworzy\u0107 na ich podstawie wykres zale\u017cno\u015bci rodzinnych (tu nazywane drzewem genealogicznym). W drugim kroku na podstawie zgromadzonej wiedzy nale\u017cy opisa\u0107 losy rodziny na tle wielkiej historii. Ta cz\u0119\u015b\u0107 wymaga zainteresowania si\u0119 kultur\u0105 i histori\u0105 spo\u0142eczno\u015bci lokalnej, regionalnej, narodu i ca\u0142ego pa\u0144stwa.<\/p><p>Nazwa konkursu oddaje ten podw\u00f3jny charakter pracy, ale wi\u0119cej punkt\u00f3w mo\u017cna zdoby\u0107 za przedstawienie opowie\u015bci o rodzinie. To ju\u017c trudniej jest zrobi\u0107 wy\u0142\u0105cznie na podstawie suchych informacji wydobytych z dokument\u00f3w. Wspomnienia rodzinne, prze\u017cycia cz\u0142onk\u00f3w rodziny i historie zapami\u0119tane przez senior\u00f3w niew\u0105tpliwie s\u0105 tym elementem, kt\u00f3ry nadaj\u0105 osobisty charakter opowie\u015bci. Z tego powodu rozmowy ze starszymi cz\u0142onkami rodziny s\u0105 wr\u0119cz niezb\u0119dne przy realizacji tego projektu przez uczni\u00f3w.<\/p><p>Jurorzy r\u00f3wnie\u017c oceniaj\u0105 osadzenie los\u00f3w rodziny w kontek\u015bcie historycznym. Nie oznacza to, \u017ce oczekuje si\u0119 odnalezienia w\u015br\u00f3d przodk\u00f3w znacz\u0105cych uczestnik\u00f3w wiekopomnych wydarze\u0144. Wojny, epidemie, kl\u0119ski naturalne dotykaj\u0105 wszystkich, niezale\u017cnie od statusu materialnego czy spo\u0142ecznego. Natomiast wi\u0105\u017c\u0105c histori\u0119 swojej rodziny ze znanymi wydarzeniami nawi\u0105zuje si\u0119 niejako osobisty stosunek nich, co u\u0142atwia ich zapami\u0119tanie i g\u0142\u0119bsze zrozumienie zachodz\u0105cych proces\u00f3w historycznych.<\/p><p>I jest jeszcze co\u015b. Umiej\u0119tno\u015bci starszego pokolenia wyniesione jeszcze ze szko\u0142y, mog\u0105 si\u0119 bardzo przyda\u0107 w tym projekcie. Akty metrykalne na terenie Kr\u00f3lestwa Polskiego w latach 1868-1915 by\u0142y pisane po rosyjsku. Co prawda jest to inny rosyjski i troch\u0119 inny alfabet ni\u017c rosyjski, kt\u00f3rego uczono kiedy\u015b w szkole, ale chodzi o umiej\u0119tno\u015b\u0107 rozczytania niewielu wyraz\u00f3w zapisanych cyrylic\u0105, a w\u0142a\u015bciwie gra\u017cdank\u0105. Cz\u0119\u015b\u0107 akt\u00f3w mo\u017ce by\u0107 napisanych po \u0142acinie \u2013 wi\u0119c niekt\u00f3rzy seniorzy mog\u0105 mie\u0107 mo\u017cliwo\u015b\u0107 od\u015bwie\u017cenia tych swoich umiej\u0119tno\u015bci.<\/p><p>Konkurs przez Ministerstwo Edukacji Narodowej zosta\u0142 zakwalifikowany jako artystyczny. Mo\u017cliwe, \u017ce podstaw\u0105 zaliczenia do tej szufladki jest przyznawanie cz\u0119\u015bci punkt\u00f3w za w\u0142asnor\u0119czny rysunek relacji rodzinnych. Rzeczywi\u015bcie, w XIX wieku wiele wywod\u00f3w przodk\u00f3w i drzew genealogicznych stanowi\u0142o ma\u0142e (a czasem bardzo du\u017ce) dzia\u0142a sztuki. Dzisiaj niewiele os\u00f3b o zdolno\u015bciach artystycznych podejmuje si\u0119 wykonania tej wymagaj\u0105cej precyzji i kunsztu pracy.<\/p><p>Wielu senior\u00f3w nie trzeba zach\u0119ca\u0107 do pomocy swoim wnukom, a dzieciak\u00f3w dodatkowo mo\u017ce Konkurs laureaci od zesz\u0142ego roku otrzymuj\u0105 punkty w rekrutacji do szk\u00f3\u0142 ponadpodstawowych.<\/p><p>Wyci\u0105gnijmy z szuflad stare dokumenty i zdj\u0119cia, porozmawiajmy ze swoj\u0105 progenitur\u0105, bo realizacja tego projektu mo\u017ce stanowi\u0107 \u015bwietn\u0105 zabaw\u0119 dla wszystkich pokole\u0144. Mo\u017ce te\u017c kto\u015b \u0142yknie bakcyla i na powa\u017cnie zajmie si\u0119 odtwarzaniem historii rodziny?<\/p>\t\t\t\t\t\t\t\t<\/div>\n\t\t\t\t<\/div>\n\t\t\t\t\t<\/div>\n\t\t\t\t<\/div>\n\t\t<div class=\"elementor-element elementor-element-d5271f9 e-flex e-con-boxed e-con e-parent\" data-id=\"d5271f9\" data-element_type=\"container\" data-e-type=\"container\">\n\t\t\t\t\t<div class=\"e-con-inner\">\n\t\t\t\t<div class=\"elementor-element elementor-element-cf8be0e elementor-widget elementor-widget-image\" data-id=\"cf8be0e\" data-element_type=\"widget\" data-e-type=\"widget\" data-widget_type=\"image.default\">\n\t\t\t\t<div class=\"elementor-widget-container\">\n\t\t\t\t\t\t\t\t\t\t\t\t\t\t\t<img decoding=\"async\" width=\"800\" height=\"620\" src=\"https:\/\/przyjaciele-legionowa.pl\/wp-content\/uploads\/2025\/10\/Genealogia-rodzin-De-Vaux-i-Lanckoronskich-Muzeum-Narodowe-w-Warszawie-Ernst-Krahl-s-1024x793.jpg\" class=\"attachment-large size-large wp-image-6672\" alt=\"Genealogia rodzin De Vaux i Lanckoro\u0144skich Muzeum Narodowe w Warszawie Ernst Krahl\" srcset=\"https:\/\/przyjaciele-legionowa.pl\/wp-content\/uploads\/2025\/10\/Genealogia-rodzin-De-Vaux-i-Lanckoronskich-Muzeum-Narodowe-w-Warszawie-Ernst-Krahl-s-1024x793.jpg 1024w, https:\/\/przyjaciele-legionowa.pl\/wp-content\/uploads\/2025\/10\/Genealogia-rodzin-De-Vaux-i-Lanckoronskich-Muzeum-Narodowe-w-Warszawie-Ernst-Krahl-s-300x232.jpg 300w, https:\/\/przyjaciele-legionowa.pl\/wp-content\/uploads\/2025\/10\/Genealogia-rodzin-De-Vaux-i-Lanckoronskich-Muzeum-Narodowe-w-Warszawie-Ernst-Krahl-s-768x595.jpg 768w, https:\/\/przyjaciele-legionowa.pl\/wp-content\/uploads\/2025\/10\/Genealogia-rodzin-De-Vaux-i-Lanckoronskich-Muzeum-Narodowe-w-Warszawie-Ernst-Krahl-s.jpg 1200w\" sizes=\"(max-width: 800px) 100vw, 800px\" \/>\t\t\t\t\t\t\t\t\t\t\t\t\t\t\t<\/div>\n\t\t\t\t<\/div>\n\t\t\t\t\t<\/div>\n\t\t\t\t<\/div>\n\t\t\t\t<\/div>\n\t\t","protected":false},"excerpt":{"rendered":"<p>Bezp\u0142atne wyk\u0142ady oraz konsultacje przygotowuj\u0105ce do konkursu genealogicznego &#8220;Bez korzeni nie zakwitniesz&#8221; dla uczni\u00f3w klas VII i VIII b\u0119d\u0105 si\u0119 odbywa\u0142y w pi\u0105tki w godzinach 16-17 w Poczytalni (Ko\u015bciuszki 8a 05-120 Legionowo).<\/p>\n","protected":false},"author":5,"featured_media":6644,"comment_status":"open","ping_status":"open","sticky":false,"template":"","format":"standard","meta":{"footnotes":""},"categories":[9],"tags":[],"class_list":["post-6653","post","type-post","status-publish","format-standard","has-post-thumbnail","hentry","category-zaproszenia"],"yoast_head":"<!-- This site is optimized with the Yoast SEO plugin v27.5 - https:\/\/yoast.com\/product\/yoast-seo-wordpress\/ -->\n<title>Zaj\u0119cia przygotowuj\u0105ce do konkursu genealogicznego &quot;Bez korzeni nie zakwitniesz&quot; - WordPress<\/title>\n<meta name=\"robots\" content=\"index, follow, max-snippet:-1, max-image-preview:large, max-video-preview:-1\" \/>\n<link rel=\"canonical\" href=\"https:\/\/przyjaciele-legionowa.pl\/index.php\/2025\/10\/31\/zajecia-przygotowujace-do-konkursu-genealogicznego-bez-korzeni-nie-zakwitniesz\/\" \/>\n<meta property=\"og:locale\" content=\"en_US\" \/>\n<meta property=\"og:type\" content=\"article\" \/>\n<meta property=\"og:title\" content=\"Zaj\u0119cia przygotowuj\u0105ce do konkursu genealogicznego &quot;Bez korzeni nie zakwitniesz&quot; - WordPress\" \/>\n<meta property=\"og:description\" content=\"Bezp\u0142atne wyk\u0142ady oraz konsultacje przygotowuj\u0105ce do konkursu genealogicznego &quot;Bez korzeni nie zakwitniesz&quot; dla uczni\u00f3w klas VII i VIII b\u0119d\u0105 si\u0119 odbywa\u0142y w pi\u0105tki w godzinach 16-17 w Poczytalni (Ko\u015bciuszki 8a 05-120 Legionowo).\" \/>\n<meta property=\"og:url\" content=\"https:\/\/przyjaciele-legionowa.pl\/index.php\/2025\/10\/31\/zajecia-przygotowujace-do-konkursu-genealogicznego-bez-korzeni-nie-zakwitniesz\/\" \/>\n<meta property=\"og:site_name\" content=\"WordPress\" \/>\n<meta property=\"article:publisher\" content=\"https:\/\/www.facebook.com\/profile.php?id=100067066425039&amp;locale=pl_PL\" \/>\n<meta property=\"article:published_time\" content=\"2025-10-31T19:39:47+00:00\" \/>\n<meta property=\"article:modified_time\" content=\"2025-10-31T20:00:39+00:00\" \/>\n<meta property=\"og:image\" content=\"https:\/\/przyjaciele-legionowa.pl\/wp-content\/uploads\/2025\/10\/Zajecia-przygotowujace-dla-klas-VII-i-VIII-do-konkursu-Archiwow-Panstwowych-i-Ministerstwa-Edukacji-Narodowej-\u201eBez-korzeni-nie-zakwitniesz.-Strona-TPL.jpg\" \/>\n\t<meta property=\"og:image:width\" content=\"2000\" \/>\n\t<meta property=\"og:image:height\" content=\"1414\" \/>\n\t<meta property=\"og:image:type\" content=\"image\/jpeg\" \/>\n<meta name=\"author\" content=\"Maciej Markowski\" \/>\n<meta name=\"twitter:card\" content=\"summary_large_image\" \/>\n<meta name=\"twitter:label1\" content=\"Written by\" \/>\n\t<meta name=\"twitter:data1\" content=\"Maciej Markowski\" \/>\n\t<meta name=\"twitter:label2\" content=\"Est. reading time\" \/>\n\t<meta name=\"twitter:data2\" content=\"4 minutes\" \/>\n<script type=\"application\/ld+json\" class=\"yoast-schema-graph\">{\"@context\":\"https:\\\/\\\/schema.org\",\"@graph\":[{\"@type\":\"Article\",\"@id\":\"https:\\\/\\\/przyjaciele-legionowa.pl\\\/index.php\\\/2025\\\/10\\\/31\\\/zajecia-przygotowujace-do-konkursu-genealogicznego-bez-korzeni-nie-zakwitniesz\\\/#article\",\"isPartOf\":{\"@id\":\"https:\\\/\\\/przyjaciele-legionowa.pl\\\/index.php\\\/2025\\\/10\\\/31\\\/zajecia-przygotowujace-do-konkursu-genealogicznego-bez-korzeni-nie-zakwitniesz\\\/\"},\"author\":{\"name\":\"Maciej Markowski\",\"@id\":\"https:\\\/\\\/przyjaciele-legionowa.pl\\\/#\\\/schema\\\/person\\\/f8d42f581f95540b24044c3fd49f24eb\"},\"headline\":\"Zaj\u0119cia przygotowuj\u0105ce do konkursu genealogicznego &#8220;Bez korzeni nie zakwitniesz&#8221;\",\"datePublished\":\"2025-10-31T19:39:47+00:00\",\"dateModified\":\"2025-10-31T20:00:39+00:00\",\"mainEntityOfPage\":{\"@id\":\"https:\\\/\\\/przyjaciele-legionowa.pl\\\/index.php\\\/2025\\\/10\\\/31\\\/zajecia-przygotowujace-do-konkursu-genealogicznego-bez-korzeni-nie-zakwitniesz\\\/\"},\"wordCount\":783,\"commentCount\":0,\"publisher\":{\"@id\":\"https:\\\/\\\/przyjaciele-legionowa.pl\\\/#organization\"},\"image\":{\"@id\":\"https:\\\/\\\/przyjaciele-legionowa.pl\\\/index.php\\\/2025\\\/10\\\/31\\\/zajecia-przygotowujace-do-konkursu-genealogicznego-bez-korzeni-nie-zakwitniesz\\\/#primaryimage\"},\"thumbnailUrl\":\"https:\\\/\\\/przyjaciele-legionowa.pl\\\/wp-content\\\/uploads\\\/2025\\\/10\\\/Zajecia-przygotowujace-dla-klas-VII-i-VIII-do-konkursu-Archiwow-Panstwowych-i-Ministerstwa-Edukacji-Narodowej-\u201eBez-korzeni-nie-zakwitniesz.-Strona-TPL.jpg\",\"articleSection\":[\"Zaproszenia\"],\"inLanguage\":\"en-US\",\"potentialAction\":[{\"@type\":\"CommentAction\",\"name\":\"Comment\",\"target\":[\"https:\\\/\\\/przyjaciele-legionowa.pl\\\/index.php\\\/2025\\\/10\\\/31\\\/zajecia-przygotowujace-do-konkursu-genealogicznego-bez-korzeni-nie-zakwitniesz\\\/#respond\"]}]},{\"@type\":\"WebPage\",\"@id\":\"https:\\\/\\\/przyjaciele-legionowa.pl\\\/index.php\\\/2025\\\/10\\\/31\\\/zajecia-przygotowujace-do-konkursu-genealogicznego-bez-korzeni-nie-zakwitniesz\\\/\",\"url\":\"https:\\\/\\\/przyjaciele-legionowa.pl\\\/index.php\\\/2025\\\/10\\\/31\\\/zajecia-przygotowujace-do-konkursu-genealogicznego-bez-korzeni-nie-zakwitniesz\\\/\",\"name\":\"Zaj\u0119cia przygotowuj\u0105ce do konkursu genealogicznego \\\"Bez korzeni nie zakwitniesz\\\" - WordPress\",\"isPartOf\":{\"@id\":\"https:\\\/\\\/przyjaciele-legionowa.pl\\\/#website\"},\"primaryImageOfPage\":{\"@id\":\"https:\\\/\\\/przyjaciele-legionowa.pl\\\/index.php\\\/2025\\\/10\\\/31\\\/zajecia-przygotowujace-do-konkursu-genealogicznego-bez-korzeni-nie-zakwitniesz\\\/#primaryimage\"},\"image\":{\"@id\":\"https:\\\/\\\/przyjaciele-legionowa.pl\\\/index.php\\\/2025\\\/10\\\/31\\\/zajecia-przygotowujace-do-konkursu-genealogicznego-bez-korzeni-nie-zakwitniesz\\\/#primaryimage\"},\"thumbnailUrl\":\"https:\\\/\\\/przyjaciele-legionowa.pl\\\/wp-content\\\/uploads\\\/2025\\\/10\\\/Zajecia-przygotowujace-dla-klas-VII-i-VIII-do-konkursu-Archiwow-Panstwowych-i-Ministerstwa-Edukacji-Narodowej-\u201eBez-korzeni-nie-zakwitniesz.-Strona-TPL.jpg\",\"datePublished\":\"2025-10-31T19:39:47+00:00\",\"dateModified\":\"2025-10-31T20:00:39+00:00\",\"breadcrumb\":{\"@id\":\"https:\\\/\\\/przyjaciele-legionowa.pl\\\/index.php\\\/2025\\\/10\\\/31\\\/zajecia-przygotowujace-do-konkursu-genealogicznego-bez-korzeni-nie-zakwitniesz\\\/#breadcrumb\"},\"inLanguage\":\"en-US\",\"potentialAction\":[{\"@type\":\"ReadAction\",\"target\":[\"https:\\\/\\\/przyjaciele-legionowa.pl\\\/index.php\\\/2025\\\/10\\\/31\\\/zajecia-przygotowujace-do-konkursu-genealogicznego-bez-korzeni-nie-zakwitniesz\\\/\"]}]},{\"@type\":\"ImageObject\",\"inLanguage\":\"en-US\",\"@id\":\"https:\\\/\\\/przyjaciele-legionowa.pl\\\/index.php\\\/2025\\\/10\\\/31\\\/zajecia-przygotowujace-do-konkursu-genealogicznego-bez-korzeni-nie-zakwitniesz\\\/#primaryimage\",\"url\":\"https:\\\/\\\/przyjaciele-legionowa.pl\\\/wp-content\\\/uploads\\\/2025\\\/10\\\/Zajecia-przygotowujace-dla-klas-VII-i-VIII-do-konkursu-Archiwow-Panstwowych-i-Ministerstwa-Edukacji-Narodowej-\u201eBez-korzeni-nie-zakwitniesz.-Strona-TPL.jpg\",\"contentUrl\":\"https:\\\/\\\/przyjaciele-legionowa.pl\\\/wp-content\\\/uploads\\\/2025\\\/10\\\/Zajecia-przygotowujace-dla-klas-VII-i-VIII-do-konkursu-Archiwow-Panstwowych-i-Ministerstwa-Edukacji-Narodowej-\u201eBez-korzeni-nie-zakwitniesz.-Strona-TPL.jpg\",\"width\":2000,\"height\":1414,\"caption\":\"Zaj\u0119cia przygotowuj\u0105ce do konkursu genealogicznego Bez korzeni nie zakwitniesz\"},{\"@type\":\"BreadcrumbList\",\"@id\":\"https:\\\/\\\/przyjaciele-legionowa.pl\\\/index.php\\\/2025\\\/10\\\/31\\\/zajecia-przygotowujace-do-konkursu-genealogicznego-bez-korzeni-nie-zakwitniesz\\\/#breadcrumb\",\"itemListElement\":[{\"@type\":\"ListItem\",\"position\":1,\"name\":\"Strona g\u0142\u00f3wna\",\"item\":\"https:\\\/\\\/przyjaciele-legionowa.pl\\\/\"},{\"@type\":\"ListItem\",\"position\":2,\"name\":\"Zaj\u0119cia przygotowuj\u0105ce do konkursu genealogicznego &#8222;Bez korzeni nie zakwitniesz&#8221;\"}]},{\"@type\":\"WebSite\",\"@id\":\"https:\\\/\\\/przyjaciele-legionowa.pl\\\/#website\",\"url\":\"https:\\\/\\\/przyjaciele-legionowa.pl\\\/\",\"name\":\"przyjaciele-legionowa.pl\",\"description\":\"Just another WordPress site\",\"publisher\":{\"@id\":\"https:\\\/\\\/przyjaciele-legionowa.pl\\\/#organization\"},\"potentialAction\":[{\"@type\":\"SearchAction\",\"target\":{\"@type\":\"EntryPoint\",\"urlTemplate\":\"https:\\\/\\\/przyjaciele-legionowa.pl\\\/?s={search_term_string}\"},\"query-input\":{\"@type\":\"PropertyValueSpecification\",\"valueRequired\":true,\"valueName\":\"search_term_string\"}}],\"inLanguage\":\"en-US\"},{\"@type\":\"Organization\",\"@id\":\"https:\\\/\\\/przyjaciele-legionowa.pl\\\/#organization\",\"name\":\"Towarzystwo Przyjaci\u00f3\u0142 Legionowa\",\"url\":\"https:\\\/\\\/przyjaciele-legionowa.pl\\\/\",\"logo\":{\"@type\":\"ImageObject\",\"inLanguage\":\"en-US\",\"@id\":\"https:\\\/\\\/przyjaciele-legionowa.pl\\\/#\\\/schema\\\/logo\\\/image\\\/\",\"url\":\"https:\\\/\\\/przyjaciele-legionowa.pl\\\/wp-content\\\/uploads\\\/2025\\\/01\\\/log-e1746416050678.jpg\",\"contentUrl\":\"https:\\\/\\\/przyjaciele-legionowa.pl\\\/wp-content\\\/uploads\\\/2025\\\/01\\\/log-e1746416050678.jpg\",\"width\":294,\"height\":430,\"caption\":\"Towarzystwo Przyjaci\u00f3\u0142 Legionowa\"},\"image\":{\"@id\":\"https:\\\/\\\/przyjaciele-legionowa.pl\\\/#\\\/schema\\\/logo\\\/image\\\/\"},\"sameAs\":[\"https:\\\/\\\/www.facebook.com\\\/profile.php?id=100067066425039&locale=pl_PL\"]},{\"@type\":\"Person\",\"@id\":\"https:\\\/\\\/przyjaciele-legionowa.pl\\\/#\\\/schema\\\/person\\\/f8d42f581f95540b24044c3fd49f24eb\",\"name\":\"Maciej Markowski\",\"image\":{\"@type\":\"ImageObject\",\"inLanguage\":\"en-US\",\"@id\":\"https:\\\/\\\/secure.gravatar.com\\\/avatar\\\/6aa6177de24ed020861eb6d5ce92ec415c39a15ecd38cb22dfef78d35d969f0a?s=96&d=mm&r=g\",\"url\":\"https:\\\/\\\/secure.gravatar.com\\\/avatar\\\/6aa6177de24ed020861eb6d5ce92ec415c39a15ecd38cb22dfef78d35d969f0a?s=96&d=mm&r=g\",\"contentUrl\":\"https:\\\/\\\/secure.gravatar.com\\\/avatar\\\/6aa6177de24ed020861eb6d5ce92ec415c39a15ecd38cb22dfef78d35d969f0a?s=96&d=mm&r=g\",\"caption\":\"Maciej Markowski\"},\"url\":\"https:\\\/\\\/przyjaciele-legionowa.pl\\\/index.php\\\/author\\\/maciej\\\/\"}]}<\/script>\n<!-- \/ Yoast SEO plugin. -->","yoast_head_json":{"title":"Zaj\u0119cia przygotowuj\u0105ce do konkursu genealogicznego \"Bez korzeni nie zakwitniesz\" - WordPress","robots":{"index":"index","follow":"follow","max-snippet":"max-snippet:-1","max-image-preview":"max-image-preview:large","max-video-preview":"max-video-preview:-1"},"canonical":"https:\/\/przyjaciele-legionowa.pl\/index.php\/2025\/10\/31\/zajecia-przygotowujace-do-konkursu-genealogicznego-bez-korzeni-nie-zakwitniesz\/","og_locale":"en_US","og_type":"article","og_title":"Zaj\u0119cia przygotowuj\u0105ce do konkursu genealogicznego \"Bez korzeni nie zakwitniesz\" - WordPress","og_description":"Bezp\u0142atne wyk\u0142ady oraz konsultacje przygotowuj\u0105ce do konkursu genealogicznego \"Bez korzeni nie zakwitniesz\" dla uczni\u00f3w klas VII i VIII b\u0119d\u0105 si\u0119 odbywa\u0142y w pi\u0105tki w godzinach 16-17 w Poczytalni (Ko\u015bciuszki 8a 05-120 Legionowo).","og_url":"https:\/\/przyjaciele-legionowa.pl\/index.php\/2025\/10\/31\/zajecia-przygotowujace-do-konkursu-genealogicznego-bez-korzeni-nie-zakwitniesz\/","og_site_name":"WordPress","article_publisher":"https:\/\/www.facebook.com\/profile.php?id=100067066425039&locale=pl_PL","article_published_time":"2025-10-31T19:39:47+00:00","article_modified_time":"2025-10-31T20:00:39+00:00","og_image":[{"width":2000,"height":1414,"url":"https:\/\/przyjaciele-legionowa.pl\/wp-content\/uploads\/2025\/10\/Zajecia-przygotowujace-dla-klas-VII-i-VIII-do-konkursu-Archiwow-Panstwowych-i-Ministerstwa-Edukacji-Narodowej-\u201eBez-korzeni-nie-zakwitniesz.-Strona-TPL.jpg","type":"image\/jpeg"}],"author":"Maciej Markowski","twitter_card":"summary_large_image","twitter_misc":{"Written by":"Maciej Markowski","Est. reading time":"4 minutes"},"schema":{"@context":"https:\/\/schema.org","@graph":[{"@type":"Article","@id":"https:\/\/przyjaciele-legionowa.pl\/index.php\/2025\/10\/31\/zajecia-przygotowujace-do-konkursu-genealogicznego-bez-korzeni-nie-zakwitniesz\/#article","isPartOf":{"@id":"https:\/\/przyjaciele-legionowa.pl\/index.php\/2025\/10\/31\/zajecia-przygotowujace-do-konkursu-genealogicznego-bez-korzeni-nie-zakwitniesz\/"},"author":{"name":"Maciej Markowski","@id":"https:\/\/przyjaciele-legionowa.pl\/#\/schema\/person\/f8d42f581f95540b24044c3fd49f24eb"},"headline":"Zaj\u0119cia przygotowuj\u0105ce do konkursu genealogicznego &#8220;Bez korzeni nie zakwitniesz&#8221;","datePublished":"2025-10-31T19:39:47+00:00","dateModified":"2025-10-31T20:00:39+00:00","mainEntityOfPage":{"@id":"https:\/\/przyjaciele-legionowa.pl\/index.php\/2025\/10\/31\/zajecia-przygotowujace-do-konkursu-genealogicznego-bez-korzeni-nie-zakwitniesz\/"},"wordCount":783,"commentCount":0,"publisher":{"@id":"https:\/\/przyjaciele-legionowa.pl\/#organization"},"image":{"@id":"https:\/\/przyjaciele-legionowa.pl\/index.php\/2025\/10\/31\/zajecia-przygotowujace-do-konkursu-genealogicznego-bez-korzeni-nie-zakwitniesz\/#primaryimage"},"thumbnailUrl":"https:\/\/przyjaciele-legionowa.pl\/wp-content\/uploads\/2025\/10\/Zajecia-przygotowujace-dla-klas-VII-i-VIII-do-konkursu-Archiwow-Panstwowych-i-Ministerstwa-Edukacji-Narodowej-\u201eBez-korzeni-nie-zakwitniesz.-Strona-TPL.jpg","articleSection":["Zaproszenia"],"inLanguage":"en-US","potentialAction":[{"@type":"CommentAction","name":"Comment","target":["https:\/\/przyjaciele-legionowa.pl\/index.php\/2025\/10\/31\/zajecia-przygotowujace-do-konkursu-genealogicznego-bez-korzeni-nie-zakwitniesz\/#respond"]}]},{"@type":"WebPage","@id":"https:\/\/przyjaciele-legionowa.pl\/index.php\/2025\/10\/31\/zajecia-przygotowujace-do-konkursu-genealogicznego-bez-korzeni-nie-zakwitniesz\/","url":"https:\/\/przyjaciele-legionowa.pl\/index.php\/2025\/10\/31\/zajecia-przygotowujace-do-konkursu-genealogicznego-bez-korzeni-nie-zakwitniesz\/","name":"Zaj\u0119cia przygotowuj\u0105ce do konkursu genealogicznego \"Bez korzeni nie zakwitniesz\" - WordPress","isPartOf":{"@id":"https:\/\/przyjaciele-legionowa.pl\/#website"},"primaryImageOfPage":{"@id":"https:\/\/przyjaciele-legionowa.pl\/index.php\/2025\/10\/31\/zajecia-przygotowujace-do-konkursu-genealogicznego-bez-korzeni-nie-zakwitniesz\/#primaryimage"},"image":{"@id":"https:\/\/przyjaciele-legionowa.pl\/index.php\/2025\/10\/31\/zajecia-przygotowujace-do-konkursu-genealogicznego-bez-korzeni-nie-zakwitniesz\/#primaryimage"},"thumbnailUrl":"https:\/\/przyjaciele-legionowa.pl\/wp-content\/uploads\/2025\/10\/Zajecia-przygotowujace-dla-klas-VII-i-VIII-do-konkursu-Archiwow-Panstwowych-i-Ministerstwa-Edukacji-Narodowej-\u201eBez-korzeni-nie-zakwitniesz.-Strona-TPL.jpg","datePublished":"2025-10-31T19:39:47+00:00","dateModified":"2025-10-31T20:00:39+00:00","breadcrumb":{"@id":"https:\/\/przyjaciele-legionowa.pl\/index.php\/2025\/10\/31\/zajecia-przygotowujace-do-konkursu-genealogicznego-bez-korzeni-nie-zakwitniesz\/#breadcrumb"},"inLanguage":"en-US","potentialAction":[{"@type":"ReadAction","target":["https:\/\/przyjaciele-legionowa.pl\/index.php\/2025\/10\/31\/zajecia-przygotowujace-do-konkursu-genealogicznego-bez-korzeni-nie-zakwitniesz\/"]}]},{"@type":"ImageObject","inLanguage":"en-US","@id":"https:\/\/przyjaciele-legionowa.pl\/index.php\/2025\/10\/31\/zajecia-przygotowujace-do-konkursu-genealogicznego-bez-korzeni-nie-zakwitniesz\/#primaryimage","url":"https:\/\/przyjaciele-legionowa.pl\/wp-content\/uploads\/2025\/10\/Zajecia-przygotowujace-dla-klas-VII-i-VIII-do-konkursu-Archiwow-Panstwowych-i-Ministerstwa-Edukacji-Narodowej-\u201eBez-korzeni-nie-zakwitniesz.-Strona-TPL.jpg","contentUrl":"https:\/\/przyjaciele-legionowa.pl\/wp-content\/uploads\/2025\/10\/Zajecia-przygotowujace-dla-klas-VII-i-VIII-do-konkursu-Archiwow-Panstwowych-i-Ministerstwa-Edukacji-Narodowej-\u201eBez-korzeni-nie-zakwitniesz.-Strona-TPL.jpg","width":2000,"height":1414,"caption":"Zaj\u0119cia przygotowuj\u0105ce do konkursu genealogicznego Bez korzeni nie zakwitniesz"},{"@type":"BreadcrumbList","@id":"https:\/\/przyjaciele-legionowa.pl\/index.php\/2025\/10\/31\/zajecia-przygotowujace-do-konkursu-genealogicznego-bez-korzeni-nie-zakwitniesz\/#breadcrumb","itemListElement":[{"@type":"ListItem","position":1,"name":"Strona g\u0142\u00f3wna","item":"https:\/\/przyjaciele-legionowa.pl\/"},{"@type":"ListItem","position":2,"name":"Zaj\u0119cia przygotowuj\u0105ce do konkursu genealogicznego &#8222;Bez korzeni nie zakwitniesz&#8221;"}]},{"@type":"WebSite","@id":"https:\/\/przyjaciele-legionowa.pl\/#website","url":"https:\/\/przyjaciele-legionowa.pl\/","name":"przyjaciele-legionowa.pl","description":"Just another WordPress site","publisher":{"@id":"https:\/\/przyjaciele-legionowa.pl\/#organization"},"potentialAction":[{"@type":"SearchAction","target":{"@type":"EntryPoint","urlTemplate":"https:\/\/przyjaciele-legionowa.pl\/?s={search_term_string}"},"query-input":{"@type":"PropertyValueSpecification","valueRequired":true,"valueName":"search_term_string"}}],"inLanguage":"en-US"},{"@type":"Organization","@id":"https:\/\/przyjaciele-legionowa.pl\/#organization","name":"Towarzystwo Przyjaci\u00f3\u0142 Legionowa","url":"https:\/\/przyjaciele-legionowa.pl\/","logo":{"@type":"ImageObject","inLanguage":"en-US","@id":"https:\/\/przyjaciele-legionowa.pl\/#\/schema\/logo\/image\/","url":"https:\/\/przyjaciele-legionowa.pl\/wp-content\/uploads\/2025\/01\/log-e1746416050678.jpg","contentUrl":"https:\/\/przyjaciele-legionowa.pl\/wp-content\/uploads\/2025\/01\/log-e1746416050678.jpg","width":294,"height":430,"caption":"Towarzystwo Przyjaci\u00f3\u0142 Legionowa"},"image":{"@id":"https:\/\/przyjaciele-legionowa.pl\/#\/schema\/logo\/image\/"},"sameAs":["https:\/\/www.facebook.com\/profile.php?id=100067066425039&locale=pl_PL"]},{"@type":"Person","@id":"https:\/\/przyjaciele-legionowa.pl\/#\/schema\/person\/f8d42f581f95540b24044c3fd49f24eb","name":"Maciej Markowski","image":{"@type":"ImageObject","inLanguage":"en-US","@id":"https:\/\/secure.gravatar.com\/avatar\/6aa6177de24ed020861eb6d5ce92ec415c39a15ecd38cb22dfef78d35d969f0a?s=96&d=mm&r=g","url":"https:\/\/secure.gravatar.com\/avatar\/6aa6177de24ed020861eb6d5ce92ec415c39a15ecd38cb22dfef78d35d969f0a?s=96&d=mm&r=g","contentUrl":"https:\/\/secure.gravatar.com\/avatar\/6aa6177de24ed020861eb6d5ce92ec415c39a15ecd38cb22dfef78d35d969f0a?s=96&d=mm&r=g","caption":"Maciej Markowski"},"url":"https:\/\/przyjaciele-legionowa.pl\/index.php\/author\/maciej\/"}]}},"_links":{"self":[{"href":"https:\/\/przyjaciele-legionowa.pl\/index.php\/wp-json\/wp\/v2\/posts\/6653","targetHints":{"allow":["GET"]}}],"collection":[{"href":"https:\/\/przyjaciele-legionowa.pl\/index.php\/wp-json\/wp\/v2\/posts"}],"about":[{"href":"https:\/\/przyjaciele-legionowa.pl\/index.php\/wp-json\/wp\/v2\/types\/post"}],"author":[{"embeddable":true,"href":"https:\/\/przyjaciele-legionowa.pl\/index.php\/wp-json\/wp\/v2\/users\/5"}],"replies":[{"embeddable":true,"href":"https:\/\/przyjaciele-legionowa.pl\/index.php\/wp-json\/wp\/v2\/comments?post=6653"}],"version-history":[{"count":18,"href":"https:\/\/przyjaciele-legionowa.pl\/index.php\/wp-json\/wp\/v2\/posts\/6653\/revisions"}],"predecessor-version":[{"id":6675,"href":"https:\/\/przyjaciele-legionowa.pl\/index.php\/wp-json\/wp\/v2\/posts\/6653\/revisions\/6675"}],"wp:featuredmedia":[{"embeddable":true,"href":"https:\/\/przyjaciele-legionowa.pl\/index.php\/wp-json\/wp\/v2\/media\/6644"}],"wp:attachment":[{"href":"https:\/\/przyjaciele-legionowa.pl\/index.php\/wp-json\/wp\/v2\/media?parent=6653"}],"wp:term":[{"taxonomy":"category","embeddable":true,"href":"https:\/\/przyjaciele-legionowa.pl\/index.php\/wp-json\/wp\/v2\/categories?post=6653"},{"taxonomy":"post_tag","embeddable":true,"href":"https:\/\/przyjaciele-legionowa.pl\/index.php\/wp-json\/wp\/v2\/tags?post=6653"}],"curies":[{"name":"wp","href":"https:\/\/api.w.org\/{rel}","templated":true}]}}