{"id":6477,"date":"2025-08-01T20:58:15","date_gmt":"2025-08-01T20:58:15","guid":{"rendered":"https:\/\/przyjaciele-legionowa.pl\/?p=6477"},"modified":"2025-08-01T21:52:56","modified_gmt":"2025-08-01T21:52:56","slug":"dlaczego-81-lat-po-powstaniu-warszawskim-wciaz-czcimy-pamiec-i-bohaterstwo-powstancow","status":"publish","type":"post","link":"https:\/\/przyjaciele-legionowa.pl\/index.php\/2025\/08\/01\/dlaczego-81-lat-po-powstaniu-warszawskim-wciaz-czcimy-pamiec-i-bohaterstwo-powstancow\/","title":{"rendered":"Dlaczego 81 lat po Powstaniu Warszawskim wci\u0105\u017c czcimy pami\u0119\u0107 i bohaterstwo powsta\u0144c\u00f3w?"},"content":{"rendered":"\t\t<div data-elementor-type=\"wp-post\" data-elementor-id=\"6477\" class=\"elementor elementor-6477\" data-elementor-post-type=\"post\">\n\t\t\t\t<div class=\"elementor-element elementor-element-5af7bf84 e-flex e-con-boxed e-con e-parent\" data-id=\"5af7bf84\" data-element_type=\"container\" data-e-type=\"container\">\n\t\t\t\t\t<div class=\"e-con-inner\">\n\t\t\t\t<div class=\"elementor-element elementor-element-6ca0bac2 elementor-widget elementor-widget-text-editor\" data-id=\"6ca0bac2\" data-element_type=\"widget\" data-e-type=\"widget\" data-widget_type=\"text-editor.default\">\n\t\t\t\t<div class=\"elementor-widget-container\">\n\t\t\t\t\t\t\t\t\t<p>W 1944 roku, w okupowanej przez Niemc\u00f3w Polsce, rozpocz\u0105\u0142 si\u0119 dramatyczny, bohaterski i niezwykle kosztowny zryw ludno\u015bci cywilnej oraz \u017co\u0142nierzy Armii Krajowej \u2013 Powstanie Warszawskie. Trwa\u0142o 63 dni. W okresie od 1 sierpnia do 3 pa\u017adziernika zgin\u0119\u0142y dziesi\u0105tki tysi\u0119cy ofiar. Powstanie zako\u0144czy\u0142o si\u0119 militarn\u0105 kl\u0119sk\u0105 i zag\u0142ad\u0105 miasta, lecz pozostawi\u0142o niezatarte pi\u0119tno na historii Polski i \u015bwiadomo\u015bci narodowej. R\u00f3wnolegle z walkami w stolicy, dosz\u0142o do powsta\u0144czego zrywu r\u00f3wnie\u017c w Legionowie. Tamtejsze oddzia\u0142y, w duchu solidarno\u015bci i nadziei, podj\u0119\u0142y pr\u00f3b\u0119 wsparcia Warszawiak\u00f3w, mimo oczywistej przewagi niemieckich si\u0142. Ich walka, cho\u0107 kr\u00f3tka i zako\u0144czona konieczno\u015bci\u0105 relokacji do Puszczy Kampinoskiej, by\u0142a wyrazem tej samej odwagi, determinacji i gotowo\u015bci do najwy\u017cszej ofiary.<\/p><p><strong>Dzi\u015b, 81 lat po tych wydarzeniach, stoimy jako wolni ludzie w niepodleg\u0142ym pa\u0144stwie. Wielu pyta, czy po tylu latach nadal warto wspomina\u0107 tych, kt\u00f3rzy zgin\u0119li w beznadziejnej walce, kt\u00f3rych zryw nie przyni\u00f3s\u0142 zwyci\u0119stwa militarnego, lecz morze krwi i zniszczenia.<\/strong><\/p><h4>Powsta\u0144cy nie walczyli o terytoria, w\u0142adz\u0119 ani s\u0142aw\u0119.<\/h4><p>Ich celem by\u0142a wolna Polska \u2013 kraj suwerenny, bezpieczny, niezale\u017cny od obcych wp\u0142yw\u00f3w. W czasach, gdy za sam\u0105 przynale\u017cno\u015b\u0107 do konspiracji grozi\u0142a \u015bmier\u0107, oni podj\u0119li decyzj\u0119 o otwartym wyst\u0105pieniu przeciwko okupantowi. Ryzykowali wszystkim, by przysz\u0142e pokolenia \u2013 my \u2013 mog\u0142y \u017cy\u0107 w wolnym kraju. Ich czyny s\u0105 najczystszym wyrazem mi\u0142o\u015bci do Ojczyzny i zas\u0142uguj\u0105 na wieczn\u0105 pami\u0119\u0107.<\/p><h4>Godno\u015b\u0107, wolno\u015b\u0107, solidarno\u015b\u0107, braterstwo, po\u015bwi\u0119cenie<\/h4><p>\u2013 te poj\u0119cia, cho\u0107 dzi\u015b cz\u0119sto odmieniane w r\u00f3\u017cnych kontekstach, zyska\u0142y swoje najg\u0142\u0119bsze znaczenie w\u0142a\u015bnie podczas powsta\u0144czego zrywu. To, co dla nas jest dzi\u015b warto\u015bci\u0105 deklaratywn\u0105, dla nich by\u0142o warto\u015bci\u0105 bezwzgl\u0119dn\u0105 \u2013 ostateczn\u0105. Pami\u0119\u0107 o powsta\u0144cach przypomina, \u017ce te idee nie s\u0105 tylko s\u0142owami, ale fundamentami, na kt\u00f3rych zbudowano woln\u0105 Polsk\u0119.<\/p><h4>Niemiecki okupant nie tylko odbiera\u0142 Polakom wolno\u015b\u0107 \u2013 jego celem by\u0142a ca\u0142kowita zag\u0142ada narodu.<\/h4><p>Zamykano szko\u0142y, likwidowano elity, mordowano cywil\u00f3w. W takim kontek\u015bcie Powstanie by\u0142o nie tylko zrywem militarnym, lecz tak\u017ce gestem: \u201eNie poddamy si\u0119 bez walki. Jeste\u015bmy, istniejemy, nie pozwolimy was zapomnie\u0107, nie damy si\u0119 wymaza\u0107 z historii.\u201d Taka postawa \u2013 cho\u0107 okupiona ogromnymi stratami \u2013 przywraca\u0142a narodowi godno\u015b\u0107.<\/p><h4>Powstanie w Legionowie by\u0142o dowodem, \u017ce nie tylko Warszawa, ale tak\u017ce mniejsze miasta i wsie by\u0142y gotowe do walki.<\/h4><p>Cho\u0107 zryw legionowski zako\u0144czy\u0142 si\u0119 kl\u0119sk\u0105, to jego znaczenie symboliczne jest ogromne. Ludzie, kt\u00f3rzy stan\u0119li do walki, znali swoich s\u0105siad\u00f3w, ryzykowali nie anonimowo, ale \u015bwiadomi, \u017ce walcz\u0105 w obronie w\u0142asnych dom\u00f3w, rodzin i spo\u0142eczno\u015bci. To lokalne bohaterstwo buduje poczucie wsp\u00f3lnoty i dumy \u2013 r\u00f3wnie\u017c dzi\u015b.<\/p><p>Dla wsp\u00f3\u0142czesnych uczni\u00f3w i student\u00f3w, historia Powstania Warszawskiego i wyst\u0105pienia w Legionowie mo\u017ce wydawa\u0107 si\u0119 odleg\u0142a. Jednak pami\u0119\u0107 o tych wydarzeniach powinna by\u0107 narz\u0119dziem edukacyjnym \u2013 nie tylko o faktach, lecz o warto\u015bciach, wyborach, postawach obywatelskich. Pokolenie Kolumb\u00f3w mo\u017ce by\u0107 wzorem zaanga\u017cowania, odwagi, lojalno\u015bci wobec wsp\u00f3lnoty. Pokazuje, \u017ce ka\u017cdy \u2013 nawet najm\u0142odszy \u2013 mo\u017ce mie\u0107 wp\u0142yw na losy narodu.<\/p><p>Cho\u0107 Powstanie zako\u0144czy\u0142o si\u0119 kl\u0119sk\u0105 militarn\u0105, to jego znaczenie strategiczne i psychologiczne by\u0142o ogromne. \u015awiat dowiedzia\u0142 si\u0119 o dramacie okupowanej Polski, alianci nie mogli d\u0142u\u017cej ignorowa\u0107 jej losu, a komunistyczny re\u017cim \u2013 cho\u0107 narzucony przez ZSRR \u2013 nigdy nie zdoby\u0142 moralnej legitymacji. Dziedzictwo powsta\u0144c\u00f3w by\u0142o fundamentem oporu w czasach PRL-u i inspiracj\u0105 dla \u201eSolidarno\u015bci\u201d. Wolno\u015b\u0107, kt\u00f3r\u0105 dzi\u015b si\u0119 cieszymy, ma swoje korzenie w ich ofierze.<\/p><h3>Pami\u0119\u0107 jest wyrazem wdzi\u0119czno\u015bci \u2013 nie jest tylko obowi\u0105zkiem<\/h3><p>Nie chodzi tylko o obowi\u0105zek historyczny. Chodzi o uczucie \u2013 wdzi\u0119czno\u015b\u0107 wobec tych, kt\u00f3rzy po\u015bwi\u0119cili \u017cycie, by\u015bmy my mogli \u017cy\u0107. Cze\u015b\u0107 oddawana powsta\u0144com to nie pusty rytua\u0142, ale wyraz szacunku i empatii. Gdy stajemy pod pomnikami, odwiedzamy groby, uczestniczymy w rocznicach, m\u00f3wimy: \u201ePami\u0119tamy. Jeste\u015bcie dla nas wa\u017cni. Bez was nie by\u0142oby nas.\u201d<\/p><p>W\u015br\u00f3d powsta\u0144c\u00f3w byli nie tylko zawodowi \u017co\u0142nierze, ale te\u017c uczniowie, harcerze, piel\u0119gniarki, ksi\u0119\u017ca, arty\u015bci. Ka\u017cdy z nich wni\u00f3s\u0142 co\u015b unikalnego do wsp\u00f3lnej sprawy. Ich historie \u2013 cz\u0119sto zapisane w dziennikach, listach, wspomnieniach \u2013 s\u0105 pe\u0142ne wzrusze\u0144, dramat\u00f3w, ale i nadziei. To historia cz\u0142owieka w najtrudniejszych czasach. I jako taka nigdy nie traci na aktualno\u015bci.<\/p><h3>Legionowo \u2013 jak wiele innych miejscowo\u015bci \u2013 ma swoich bohater\u00f3w.<\/h3><p>Ich nazwiska widniej\u0105 na tablicach pami\u0105tkowych, ich historie wci\u0105\u017c \u017cyj\u0105 w rodzinnych opowie\u015bciach. To dziedzictwo lokalne jest cz\u0119\u015bci\u0105 wi\u0119kszej opowie\u015bci \u2013 opowie\u015bci o Polsce. Kiedy czcimy powsta\u0144c\u00f3w z Legionowa, m\u00f3wimy: \u201eTutaj r\u00f3wnie\u017c by\u0142a historia. I my r\u00f3wnie\u017c mamy pow\u00f3d do dumy.\u201d<\/p><p>Pami\u0119\u0107 o Powstaniu Warszawskim i o lokalnych zrywach jak ten w Legionowie nie jest tylko spojrzeniem wstecz. To r\u00f3wnie\u017c wezwanie do refleksji nad tera\u017aniejszo\u015bci\u0105 i przysz\u0142o\u015bci\u0105. Jakimi jeste\u015bmy obywatelami? Czy dbamy o nasz\u0105 wsp\u00f3lnot\u0119? Czy broniliby\u015bmy jej w potrzebie? Czczenie bohater\u00f3w sprzed 81 lat mo\u017ce by\u0107 impulsem, by\u015bmy stali si\u0119 lepszymi lud\u017ami dzi\u015b.<\/p><h4>81 lat po Powstaniu Warszawskim i wyst\u0105pieniu powsta\u0144czym w Legionowie, ich znaczenie nie maleje \u2013 wr\u0119cz przeciwnie.<\/h4><p>Up\u0142yw czasu tylko uwydatnia wielko\u015b\u0107 ich po\u015bwi\u0119cenia i warto\u015b\u0107 ich dziedzictwa. Czczenie pami\u0119ci o tych wydarzeniach to nie tylko akt historyczny, ale moralny. To ho\u0142d sk\u0142adany odwadze, warto\u015bciom i ludziom, dzi\u0119ki kt\u00f3rym Polska wci\u0105\u017c trwa.<\/p><h3>Niech ich ofiara b\u0119dzie dla nas przestrog\u0105, inspiracj\u0105 i \u017ar\u00f3d\u0142em dumy \u2013 dzi\u015b i w przysz\u0142o\u015bci.<\/h3><p><strong><em>Andrzej Bochacz<\/em><\/strong><\/p>\t\t\t\t\t\t\t\t<\/div>\n\t\t\t\t<\/div>\n\t\t\t\t\t<\/div>\n\t\t\t\t<\/div>\n\t\t<div class=\"elementor-element elementor-element-2b11a34 e-flex e-con-boxed e-con e-parent\" data-id=\"2b11a34\" data-element_type=\"container\" data-e-type=\"container\">\n\t\t\t\t\t<div class=\"e-con-inner\">\n\t\t\t\t<div class=\"elementor-element elementor-element-1b96cbe elementor-widget elementor-widget-gallery\" data-id=\"1b96cbe\" data-element_type=\"widget\" data-e-type=\"widget\" data-settings=\"{&quot;columns&quot;:3,&quot;lazyload&quot;:&quot;yes&quot;,&quot;gallery_layout&quot;:&quot;grid&quot;,&quot;columns_tablet&quot;:2,&quot;columns_mobile&quot;:1,&quot;gap&quot;:{&quot;unit&quot;:&quot;px&quot;,&quot;size&quot;:10,&quot;sizes&quot;:[]},&quot;gap_tablet&quot;:{&quot;unit&quot;:&quot;px&quot;,&quot;size&quot;:10,&quot;sizes&quot;:[]},&quot;gap_mobile&quot;:{&quot;unit&quot;:&quot;px&quot;,&quot;size&quot;:10,&quot;sizes&quot;:[]},&quot;link_to&quot;:&quot;file&quot;,&quot;aspect_ratio&quot;:&quot;3:2&quot;,&quot;overlay_background&quot;:&quot;yes&quot;,&quot;content_hover_animation&quot;:&quot;fade-in&quot;}\" data-widget_type=\"gallery.default\">\n\t\t\t\t<div class=\"elementor-widget-container\">\n\t\t\t\t\t\t\t<div class=\"elementor-gallery__container\">\n\t\t\t\t\t\t\t<a class=\"e-gallery-item elementor-gallery-item elementor-animated-content\" href=\"https:\/\/przyjaciele-legionowa.pl\/wp-content\/uploads\/2025\/08\/TPL-powstanie-warszawskie-20250801.jpg\" data-elementor-open-lightbox=\"yes\" data-elementor-lightbox-slideshow=\"1b96cbe\" data-elementor-lightbox-title=\"TPL-powstanie-warszawskie-20250801\" data-e-action-hash=\"#elementor-action%3Aaction%3Dlightbox%26settings%3DeyJpZCI6NjQ4OSwidXJsIjoiaHR0cHM6XC9cL3ByenlqYWNpZWxlLWxlZ2lvbm93YS5wbFwvd3AtY29udGVudFwvdXBsb2Fkc1wvMjAyNVwvMDhcL1RQTC1wb3dzdGFuaWUtd2Fyc3phd3NraWUtMjAyNTA4MDEuanBnIiwic2xpZGVzaG93IjoiMWI5NmNiZSJ9\">\n\t\t\t\t\t<div class=\"e-gallery-image elementor-gallery-item__image\" data-thumbnail=\"https:\/\/przyjaciele-legionowa.pl\/wp-content\/uploads\/2025\/08\/TPL-powstanie-warszawskie-20250801-300x169.jpg\" data-width=\"300\" data-height=\"169\" aria-label=\"\" role=\"img\" ><\/div>\n\t\t\t\t\t\t\t\t\t\t\t<div class=\"elementor-gallery-item__overlay\"><\/div>\n\t\t\t\t\t\t\t\t\t\t\t\t\t\t<\/a>\n\t\t\t\t\t\t\t<a class=\"e-gallery-item elementor-gallery-item elementor-animated-content\" href=\"https:\/\/przyjaciele-legionowa.pl\/wp-content\/uploads\/2025\/08\/IMG_3927.jpeg\" data-elementor-open-lightbox=\"yes\" data-elementor-lightbox-slideshow=\"1b96cbe\" data-elementor-lightbox-title=\"IMG_3927\" data-e-action-hash=\"#elementor-action%3Aaction%3Dlightbox%26settings%3DeyJpZCI6NjQ3OSwidXJsIjoiaHR0cHM6XC9cL3ByenlqYWNpZWxlLWxlZ2lvbm93YS5wbFwvd3AtY29udGVudFwvdXBsb2Fkc1wvMjAyNVwvMDhcL0lNR18zOTI3LmpwZWciLCJzbGlkZXNob3ciOiIxYjk2Y2JlIn0%3D\">\n\t\t\t\t\t<div class=\"e-gallery-image elementor-gallery-item__image\" data-thumbnail=\"https:\/\/przyjaciele-legionowa.pl\/wp-content\/uploads\/2025\/08\/IMG_3927-225x300.jpeg\" data-width=\"225\" data-height=\"300\" aria-label=\"\" role=\"img\" ><\/div>\n\t\t\t\t\t\t\t\t\t\t\t<div class=\"elementor-gallery-item__overlay\"><\/div>\n\t\t\t\t\t\t\t\t\t\t\t\t\t\t<\/a>\n\t\t\t\t\t\t\t<a class=\"e-gallery-item elementor-gallery-item elementor-animated-content\" href=\"https:\/\/przyjaciele-legionowa.pl\/wp-content\/uploads\/2025\/08\/IMG_3942.jpeg\" data-elementor-open-lightbox=\"yes\" data-elementor-lightbox-slideshow=\"1b96cbe\" data-elementor-lightbox-title=\"IMG_3942\" data-e-action-hash=\"#elementor-action%3Aaction%3Dlightbox%26settings%3DeyJpZCI6NjQ4MiwidXJsIjoiaHR0cHM6XC9cL3ByenlqYWNpZWxlLWxlZ2lvbm93YS5wbFwvd3AtY29udGVudFwvdXBsb2Fkc1wvMjAyNVwvMDhcL0lNR18zOTQyLmpwZWciLCJzbGlkZXNob3ciOiIxYjk2Y2JlIn0%3D\">\n\t\t\t\t\t<div class=\"e-gallery-image elementor-gallery-item__image\" data-thumbnail=\"https:\/\/przyjaciele-legionowa.pl\/wp-content\/uploads\/2025\/08\/IMG_3942-225x300.jpeg\" data-width=\"225\" data-height=\"300\" aria-label=\"\" role=\"img\" ><\/div>\n\t\t\t\t\t\t\t\t\t\t\t<div class=\"elementor-gallery-item__overlay\"><\/div>\n\t\t\t\t\t\t\t\t\t\t\t\t\t\t<\/a>\n\t\t\t\t\t\t\t<a class=\"e-gallery-item elementor-gallery-item elementor-animated-content\" href=\"https:\/\/przyjaciele-legionowa.pl\/wp-content\/uploads\/2025\/08\/IMG_3923.jpeg\" data-elementor-open-lightbox=\"yes\" data-elementor-lightbox-slideshow=\"1b96cbe\" data-elementor-lightbox-title=\"IMG_3923\" data-e-action-hash=\"#elementor-action%3Aaction%3Dlightbox%26settings%3DeyJpZCI6NjQ3OCwidXJsIjoiaHR0cHM6XC9cL3ByenlqYWNpZWxlLWxlZ2lvbm93YS5wbFwvd3AtY29udGVudFwvdXBsb2Fkc1wvMjAyNVwvMDhcL0lNR18zOTIzLmpwZWciLCJzbGlkZXNob3ciOiIxYjk2Y2JlIn0%3D\">\n\t\t\t\t\t<div class=\"e-gallery-image elementor-gallery-item__image\" data-thumbnail=\"https:\/\/przyjaciele-legionowa.pl\/wp-content\/uploads\/2025\/08\/IMG_3923-300x225.jpeg\" data-width=\"300\" data-height=\"225\" aria-label=\"\" role=\"img\" ><\/div>\n\t\t\t\t\t\t\t\t\t\t\t<div class=\"elementor-gallery-item__overlay\"><\/div>\n\t\t\t\t\t\t\t\t\t\t\t\t\t\t<\/a>\n\t\t\t\t\t\t\t<a class=\"e-gallery-item elementor-gallery-item elementor-animated-content\" href=\"https:\/\/przyjaciele-legionowa.pl\/wp-content\/uploads\/2025\/08\/IMG_3935.jpeg\" data-elementor-open-lightbox=\"yes\" data-elementor-lightbox-slideshow=\"1b96cbe\" data-elementor-lightbox-title=\"IMG_3935\" data-e-action-hash=\"#elementor-action%3Aaction%3Dlightbox%26settings%3DeyJpZCI6NjQ4MCwidXJsIjoiaHR0cHM6XC9cL3ByenlqYWNpZWxlLWxlZ2lvbm93YS5wbFwvd3AtY29udGVudFwvdXBsb2Fkc1wvMjAyNVwvMDhcL0lNR18zOTM1LmpwZWciLCJzbGlkZXNob3ciOiIxYjk2Y2JlIn0%3D\">\n\t\t\t\t\t<div class=\"e-gallery-image elementor-gallery-item__image\" data-thumbnail=\"https:\/\/przyjaciele-legionowa.pl\/wp-content\/uploads\/2025\/08\/IMG_3935-225x300.jpeg\" data-width=\"225\" data-height=\"300\" aria-label=\"\" role=\"img\" ><\/div>\n\t\t\t\t\t\t\t\t\t\t\t<div class=\"elementor-gallery-item__overlay\"><\/div>\n\t\t\t\t\t\t\t\t\t\t\t\t\t\t<\/a>\n\t\t\t\t\t\t\t<a class=\"e-gallery-item elementor-gallery-item elementor-animated-content\" href=\"https:\/\/przyjaciele-legionowa.pl\/wp-content\/uploads\/2025\/08\/IMG_3937.jpeg\" data-elementor-open-lightbox=\"yes\" data-elementor-lightbox-slideshow=\"1b96cbe\" data-elementor-lightbox-title=\"IMG_3937\" data-e-action-hash=\"#elementor-action%3Aaction%3Dlightbox%26settings%3DeyJpZCI6NjQ4MSwidXJsIjoiaHR0cHM6XC9cL3ByenlqYWNpZWxlLWxlZ2lvbm93YS5wbFwvd3AtY29udGVudFwvdXBsb2Fkc1wvMjAyNVwvMDhcL0lNR18zOTM3LmpwZWciLCJzbGlkZXNob3ciOiIxYjk2Y2JlIn0%3D\">\n\t\t\t\t\t<div class=\"e-gallery-image elementor-gallery-item__image\" data-thumbnail=\"https:\/\/przyjaciele-legionowa.pl\/wp-content\/uploads\/2025\/08\/IMG_3937-225x300.jpeg\" data-width=\"225\" data-height=\"300\" aria-label=\"\" role=\"img\" ><\/div>\n\t\t\t\t\t\t\t\t\t\t\t<div class=\"elementor-gallery-item__overlay\"><\/div>\n\t\t\t\t\t\t\t\t\t\t\t\t\t\t<\/a>\n\t\t\t\t\t<\/div>\n\t\t\t\t\t<\/div>\n\t\t\t\t<\/div>\n\t\t\t\t\t<\/div>\n\t\t\t\t<\/div>\n\t\t\t\t<\/div>\n\t\t","protected":false},"excerpt":{"rendered":"<p>W 1944 roku, w okupowanej przez Niemc\u00f3w Polsce, rozpocz\u0105\u0142 si\u0119 dramatyczny, bohaterski i niezwykle kosztowny zryw ludno\u015bci cywilnej oraz \u017co\u0142nierzy Armii Krajowej \u2013 Powstanie Warszawskie. Trwa\u0142o 63 dni. W okresie od 1 sierpnia do 3 pa\u017adziernika zgin\u0119\u0142y dziesi\u0105tki tysi\u0119cy ofiar. Powstanie zako\u0144czy\u0142o si\u0119 militarn\u0105 kl\u0119sk\u0105 i zag\u0142ad\u0105 miasta, lecz pozostawi\u0142o niezatarte pi\u0119tno na historii Polski [&hellip;]<\/p>\n","protected":false},"author":1,"featured_media":6479,"comment_status":"open","ping_status":"open","sticky":false,"template":"","format":"standard","meta":{"footnotes":""},"categories":[2,8],"tags":[],"class_list":["post-6477","post","type-post","status-publish","format-standard","has-post-thumbnail","hentry","category-legionowo","category-wydarzenia"],"yoast_head":"<!-- This site is optimized with the Yoast SEO plugin v27.5 - https:\/\/yoast.com\/product\/yoast-seo-wordpress\/ -->\n<title>Dlaczego 81 lat po Powstaniu Warszawskim wci\u0105\u017c czcimy pami\u0119\u0107 i bohaterstwo powsta\u0144c\u00f3w? - WordPress<\/title>\n<meta name=\"robots\" content=\"index, follow, max-snippet:-1, max-image-preview:large, max-video-preview:-1\" \/>\n<link rel=\"canonical\" href=\"https:\/\/przyjaciele-legionowa.pl\/index.php\/2025\/08\/01\/dlaczego-81-lat-po-powstaniu-warszawskim-wciaz-czcimy-pamiec-i-bohaterstwo-powstancow\/\" \/>\n<meta property=\"og:locale\" content=\"en_US\" \/>\n<meta property=\"og:type\" content=\"article\" \/>\n<meta property=\"og:title\" content=\"Dlaczego 81 lat po Powstaniu Warszawskim wci\u0105\u017c czcimy pami\u0119\u0107 i bohaterstwo powsta\u0144c\u00f3w? - WordPress\" \/>\n<meta property=\"og:description\" content=\"W 1944 roku, w okupowanej przez Niemc\u00f3w Polsce, rozpocz\u0105\u0142 si\u0119 dramatyczny, bohaterski i niezwykle kosztowny zryw ludno\u015bci cywilnej oraz \u017co\u0142nierzy Armii Krajowej \u2013 Powstanie Warszawskie. Trwa\u0142o 63 dni. W okresie od 1 sierpnia do 3 pa\u017adziernika zgin\u0119\u0142y dziesi\u0105tki tysi\u0119cy ofiar. Powstanie zako\u0144czy\u0142o si\u0119 militarn\u0105 kl\u0119sk\u0105 i zag\u0142ad\u0105 miasta, lecz pozostawi\u0142o niezatarte pi\u0119tno na historii Polski [&hellip;]\" \/>\n<meta property=\"og:url\" content=\"https:\/\/przyjaciele-legionowa.pl\/index.php\/2025\/08\/01\/dlaczego-81-lat-po-powstaniu-warszawskim-wciaz-czcimy-pamiec-i-bohaterstwo-powstancow\/\" \/>\n<meta property=\"og:site_name\" content=\"WordPress\" \/>\n<meta property=\"article:publisher\" content=\"https:\/\/www.facebook.com\/profile.php?id=100067066425039&amp;locale=pl_PL\" \/>\n<meta property=\"article:published_time\" content=\"2025-08-01T20:58:15+00:00\" \/>\n<meta property=\"article:modified_time\" content=\"2025-08-01T21:52:56+00:00\" \/>\n<meta property=\"og:image\" content=\"https:\/\/przyjaciele-legionowa.pl\/wp-content\/uploads\/2025\/08\/IMG_3927.jpeg\" \/>\n\t<meta property=\"og:image:width\" content=\"1000\" \/>\n\t<meta property=\"og:image:height\" content=\"1333\" \/>\n\t<meta property=\"og:image:type\" content=\"image\/jpeg\" \/>\n<meta name=\"author\" content=\"admin2820\" \/>\n<meta name=\"twitter:card\" content=\"summary_large_image\" \/>\n<meta name=\"twitter:label1\" content=\"Written by\" \/>\n\t<meta name=\"twitter:data1\" content=\"admin2820\" \/>\n\t<meta name=\"twitter:label2\" content=\"Est. reading time\" \/>\n\t<meta name=\"twitter:data2\" content=\"5 minutes\" \/>\n<script type=\"application\/ld+json\" class=\"yoast-schema-graph\">{\"@context\":\"https:\\\/\\\/schema.org\",\"@graph\":[{\"@type\":\"Article\",\"@id\":\"https:\\\/\\\/przyjaciele-legionowa.pl\\\/index.php\\\/2025\\\/08\\\/01\\\/dlaczego-81-lat-po-powstaniu-warszawskim-wciaz-czcimy-pamiec-i-bohaterstwo-powstancow\\\/#article\",\"isPartOf\":{\"@id\":\"https:\\\/\\\/przyjaciele-legionowa.pl\\\/index.php\\\/2025\\\/08\\\/01\\\/dlaczego-81-lat-po-powstaniu-warszawskim-wciaz-czcimy-pamiec-i-bohaterstwo-powstancow\\\/\"},\"author\":{\"name\":\"admin2820\",\"@id\":\"https:\\\/\\\/przyjaciele-legionowa.pl\\\/#\\\/schema\\\/person\\\/84acfe8979ce9af1d357776361fc55fd\"},\"headline\":\"Dlaczego 81 lat po Powstaniu Warszawskim wci\u0105\u017c czcimy pami\u0119\u0107 i bohaterstwo powsta\u0144c\u00f3w?\",\"datePublished\":\"2025-08-01T20:58:15+00:00\",\"dateModified\":\"2025-08-01T21:52:56+00:00\",\"mainEntityOfPage\":{\"@id\":\"https:\\\/\\\/przyjaciele-legionowa.pl\\\/index.php\\\/2025\\\/08\\\/01\\\/dlaczego-81-lat-po-powstaniu-warszawskim-wciaz-czcimy-pamiec-i-bohaterstwo-powstancow\\\/\"},\"wordCount\":986,\"commentCount\":0,\"publisher\":{\"@id\":\"https:\\\/\\\/przyjaciele-legionowa.pl\\\/#organization\"},\"image\":{\"@id\":\"https:\\\/\\\/przyjaciele-legionowa.pl\\\/index.php\\\/2025\\\/08\\\/01\\\/dlaczego-81-lat-po-powstaniu-warszawskim-wciaz-czcimy-pamiec-i-bohaterstwo-powstancow\\\/#primaryimage\"},\"thumbnailUrl\":\"https:\\\/\\\/przyjaciele-legionowa.pl\\\/wp-content\\\/uploads\\\/2025\\\/08\\\/IMG_3927.jpeg\",\"articleSection\":[\"Legionowo\",\"Wydarzenia\"],\"inLanguage\":\"en-US\",\"potentialAction\":[{\"@type\":\"CommentAction\",\"name\":\"Comment\",\"target\":[\"https:\\\/\\\/przyjaciele-legionowa.pl\\\/index.php\\\/2025\\\/08\\\/01\\\/dlaczego-81-lat-po-powstaniu-warszawskim-wciaz-czcimy-pamiec-i-bohaterstwo-powstancow\\\/#respond\"]}]},{\"@type\":\"WebPage\",\"@id\":\"https:\\\/\\\/przyjaciele-legionowa.pl\\\/index.php\\\/2025\\\/08\\\/01\\\/dlaczego-81-lat-po-powstaniu-warszawskim-wciaz-czcimy-pamiec-i-bohaterstwo-powstancow\\\/\",\"url\":\"https:\\\/\\\/przyjaciele-legionowa.pl\\\/index.php\\\/2025\\\/08\\\/01\\\/dlaczego-81-lat-po-powstaniu-warszawskim-wciaz-czcimy-pamiec-i-bohaterstwo-powstancow\\\/\",\"name\":\"Dlaczego 81 lat po Powstaniu Warszawskim wci\u0105\u017c czcimy pami\u0119\u0107 i bohaterstwo powsta\u0144c\u00f3w? - WordPress\",\"isPartOf\":{\"@id\":\"https:\\\/\\\/przyjaciele-legionowa.pl\\\/#website\"},\"primaryImageOfPage\":{\"@id\":\"https:\\\/\\\/przyjaciele-legionowa.pl\\\/index.php\\\/2025\\\/08\\\/01\\\/dlaczego-81-lat-po-powstaniu-warszawskim-wciaz-czcimy-pamiec-i-bohaterstwo-powstancow\\\/#primaryimage\"},\"image\":{\"@id\":\"https:\\\/\\\/przyjaciele-legionowa.pl\\\/index.php\\\/2025\\\/08\\\/01\\\/dlaczego-81-lat-po-powstaniu-warszawskim-wciaz-czcimy-pamiec-i-bohaterstwo-powstancow\\\/#primaryimage\"},\"thumbnailUrl\":\"https:\\\/\\\/przyjaciele-legionowa.pl\\\/wp-content\\\/uploads\\\/2025\\\/08\\\/IMG_3927.jpeg\",\"datePublished\":\"2025-08-01T20:58:15+00:00\",\"dateModified\":\"2025-08-01T21:52:56+00:00\",\"breadcrumb\":{\"@id\":\"https:\\\/\\\/przyjaciele-legionowa.pl\\\/index.php\\\/2025\\\/08\\\/01\\\/dlaczego-81-lat-po-powstaniu-warszawskim-wciaz-czcimy-pamiec-i-bohaterstwo-powstancow\\\/#breadcrumb\"},\"inLanguage\":\"en-US\",\"potentialAction\":[{\"@type\":\"ReadAction\",\"target\":[\"https:\\\/\\\/przyjaciele-legionowa.pl\\\/index.php\\\/2025\\\/08\\\/01\\\/dlaczego-81-lat-po-powstaniu-warszawskim-wciaz-czcimy-pamiec-i-bohaterstwo-powstancow\\\/\"]}]},{\"@type\":\"ImageObject\",\"inLanguage\":\"en-US\",\"@id\":\"https:\\\/\\\/przyjaciele-legionowa.pl\\\/index.php\\\/2025\\\/08\\\/01\\\/dlaczego-81-lat-po-powstaniu-warszawskim-wciaz-czcimy-pamiec-i-bohaterstwo-powstancow\\\/#primaryimage\",\"url\":\"https:\\\/\\\/przyjaciele-legionowa.pl\\\/wp-content\\\/uploads\\\/2025\\\/08\\\/IMG_3927.jpeg\",\"contentUrl\":\"https:\\\/\\\/przyjaciele-legionowa.pl\\\/wp-content\\\/uploads\\\/2025\\\/08\\\/IMG_3927.jpeg\",\"width\":1000,\"height\":1333},{\"@type\":\"BreadcrumbList\",\"@id\":\"https:\\\/\\\/przyjaciele-legionowa.pl\\\/index.php\\\/2025\\\/08\\\/01\\\/dlaczego-81-lat-po-powstaniu-warszawskim-wciaz-czcimy-pamiec-i-bohaterstwo-powstancow\\\/#breadcrumb\",\"itemListElement\":[{\"@type\":\"ListItem\",\"position\":1,\"name\":\"Strona g\u0142\u00f3wna\",\"item\":\"https:\\\/\\\/przyjaciele-legionowa.pl\\\/\"},{\"@type\":\"ListItem\",\"position\":2,\"name\":\"Dlaczego 81 lat po Powstaniu Warszawskim wci\u0105\u017c czcimy pami\u0119\u0107 i bohaterstwo powsta\u0144c\u00f3w?\"}]},{\"@type\":\"WebSite\",\"@id\":\"https:\\\/\\\/przyjaciele-legionowa.pl\\\/#website\",\"url\":\"https:\\\/\\\/przyjaciele-legionowa.pl\\\/\",\"name\":\"przyjaciele-legionowa.pl\",\"description\":\"Just another WordPress site\",\"publisher\":{\"@id\":\"https:\\\/\\\/przyjaciele-legionowa.pl\\\/#organization\"},\"potentialAction\":[{\"@type\":\"SearchAction\",\"target\":{\"@type\":\"EntryPoint\",\"urlTemplate\":\"https:\\\/\\\/przyjaciele-legionowa.pl\\\/?s={search_term_string}\"},\"query-input\":{\"@type\":\"PropertyValueSpecification\",\"valueRequired\":true,\"valueName\":\"search_term_string\"}}],\"inLanguage\":\"en-US\"},{\"@type\":\"Organization\",\"@id\":\"https:\\\/\\\/przyjaciele-legionowa.pl\\\/#organization\",\"name\":\"Towarzystwo Przyjaci\u00f3\u0142 Legionowa\",\"url\":\"https:\\\/\\\/przyjaciele-legionowa.pl\\\/\",\"logo\":{\"@type\":\"ImageObject\",\"inLanguage\":\"en-US\",\"@id\":\"https:\\\/\\\/przyjaciele-legionowa.pl\\\/#\\\/schema\\\/logo\\\/image\\\/\",\"url\":\"https:\\\/\\\/przyjaciele-legionowa.pl\\\/wp-content\\\/uploads\\\/2025\\\/01\\\/log-e1746416050678.jpg\",\"contentUrl\":\"https:\\\/\\\/przyjaciele-legionowa.pl\\\/wp-content\\\/uploads\\\/2025\\\/01\\\/log-e1746416050678.jpg\",\"width\":294,\"height\":430,\"caption\":\"Towarzystwo Przyjaci\u00f3\u0142 Legionowa\"},\"image\":{\"@id\":\"https:\\\/\\\/przyjaciele-legionowa.pl\\\/#\\\/schema\\\/logo\\\/image\\\/\"},\"sameAs\":[\"https:\\\/\\\/www.facebook.com\\\/profile.php?id=100067066425039&locale=pl_PL\"]},{\"@type\":\"Person\",\"@id\":\"https:\\\/\\\/przyjaciele-legionowa.pl\\\/#\\\/schema\\\/person\\\/84acfe8979ce9af1d357776361fc55fd\",\"name\":\"admin2820\",\"image\":{\"@type\":\"ImageObject\",\"inLanguage\":\"en-US\",\"@id\":\"https:\\\/\\\/secure.gravatar.com\\\/avatar\\\/5ee8db31b9e7df1b3f0e08ae6e282faa31a14e095dd3f7ae74e1cb8e0b8f407f?s=96&d=mm&r=g\",\"url\":\"https:\\\/\\\/secure.gravatar.com\\\/avatar\\\/5ee8db31b9e7df1b3f0e08ae6e282faa31a14e095dd3f7ae74e1cb8e0b8f407f?s=96&d=mm&r=g\",\"contentUrl\":\"https:\\\/\\\/secure.gravatar.com\\\/avatar\\\/5ee8db31b9e7df1b3f0e08ae6e282faa31a14e095dd3f7ae74e1cb8e0b8f407f?s=96&d=mm&r=g\",\"caption\":\"admin2820\"},\"sameAs\":[\"http:\\\/\\\/przyjaciele-legionowa.pl\"],\"url\":\"https:\\\/\\\/przyjaciele-legionowa.pl\\\/index.php\\\/author\\\/admin2820\\\/\"}]}<\/script>\n<!-- \/ Yoast SEO plugin. -->","yoast_head_json":{"title":"Dlaczego 81 lat po Powstaniu Warszawskim wci\u0105\u017c czcimy pami\u0119\u0107 i bohaterstwo powsta\u0144c\u00f3w? - WordPress","robots":{"index":"index","follow":"follow","max-snippet":"max-snippet:-1","max-image-preview":"max-image-preview:large","max-video-preview":"max-video-preview:-1"},"canonical":"https:\/\/przyjaciele-legionowa.pl\/index.php\/2025\/08\/01\/dlaczego-81-lat-po-powstaniu-warszawskim-wciaz-czcimy-pamiec-i-bohaterstwo-powstancow\/","og_locale":"en_US","og_type":"article","og_title":"Dlaczego 81 lat po Powstaniu Warszawskim wci\u0105\u017c czcimy pami\u0119\u0107 i bohaterstwo powsta\u0144c\u00f3w? - WordPress","og_description":"W 1944 roku, w okupowanej przez Niemc\u00f3w Polsce, rozpocz\u0105\u0142 si\u0119 dramatyczny, bohaterski i niezwykle kosztowny zryw ludno\u015bci cywilnej oraz \u017co\u0142nierzy Armii Krajowej \u2013 Powstanie Warszawskie. Trwa\u0142o 63 dni. W okresie od 1 sierpnia do 3 pa\u017adziernika zgin\u0119\u0142y dziesi\u0105tki tysi\u0119cy ofiar. Powstanie zako\u0144czy\u0142o si\u0119 militarn\u0105 kl\u0119sk\u0105 i zag\u0142ad\u0105 miasta, lecz pozostawi\u0142o niezatarte pi\u0119tno na historii Polski [&hellip;]","og_url":"https:\/\/przyjaciele-legionowa.pl\/index.php\/2025\/08\/01\/dlaczego-81-lat-po-powstaniu-warszawskim-wciaz-czcimy-pamiec-i-bohaterstwo-powstancow\/","og_site_name":"WordPress","article_publisher":"https:\/\/www.facebook.com\/profile.php?id=100067066425039&locale=pl_PL","article_published_time":"2025-08-01T20:58:15+00:00","article_modified_time":"2025-08-01T21:52:56+00:00","og_image":[{"width":1000,"height":1333,"url":"https:\/\/przyjaciele-legionowa.pl\/wp-content\/uploads\/2025\/08\/IMG_3927.jpeg","type":"image\/jpeg"}],"author":"admin2820","twitter_card":"summary_large_image","twitter_misc":{"Written by":"admin2820","Est. reading time":"5 minutes"},"schema":{"@context":"https:\/\/schema.org","@graph":[{"@type":"Article","@id":"https:\/\/przyjaciele-legionowa.pl\/index.php\/2025\/08\/01\/dlaczego-81-lat-po-powstaniu-warszawskim-wciaz-czcimy-pamiec-i-bohaterstwo-powstancow\/#article","isPartOf":{"@id":"https:\/\/przyjaciele-legionowa.pl\/index.php\/2025\/08\/01\/dlaczego-81-lat-po-powstaniu-warszawskim-wciaz-czcimy-pamiec-i-bohaterstwo-powstancow\/"},"author":{"name":"admin2820","@id":"https:\/\/przyjaciele-legionowa.pl\/#\/schema\/person\/84acfe8979ce9af1d357776361fc55fd"},"headline":"Dlaczego 81 lat po Powstaniu Warszawskim wci\u0105\u017c czcimy pami\u0119\u0107 i bohaterstwo powsta\u0144c\u00f3w?","datePublished":"2025-08-01T20:58:15+00:00","dateModified":"2025-08-01T21:52:56+00:00","mainEntityOfPage":{"@id":"https:\/\/przyjaciele-legionowa.pl\/index.php\/2025\/08\/01\/dlaczego-81-lat-po-powstaniu-warszawskim-wciaz-czcimy-pamiec-i-bohaterstwo-powstancow\/"},"wordCount":986,"commentCount":0,"publisher":{"@id":"https:\/\/przyjaciele-legionowa.pl\/#organization"},"image":{"@id":"https:\/\/przyjaciele-legionowa.pl\/index.php\/2025\/08\/01\/dlaczego-81-lat-po-powstaniu-warszawskim-wciaz-czcimy-pamiec-i-bohaterstwo-powstancow\/#primaryimage"},"thumbnailUrl":"https:\/\/przyjaciele-legionowa.pl\/wp-content\/uploads\/2025\/08\/IMG_3927.jpeg","articleSection":["Legionowo","Wydarzenia"],"inLanguage":"en-US","potentialAction":[{"@type":"CommentAction","name":"Comment","target":["https:\/\/przyjaciele-legionowa.pl\/index.php\/2025\/08\/01\/dlaczego-81-lat-po-powstaniu-warszawskim-wciaz-czcimy-pamiec-i-bohaterstwo-powstancow\/#respond"]}]},{"@type":"WebPage","@id":"https:\/\/przyjaciele-legionowa.pl\/index.php\/2025\/08\/01\/dlaczego-81-lat-po-powstaniu-warszawskim-wciaz-czcimy-pamiec-i-bohaterstwo-powstancow\/","url":"https:\/\/przyjaciele-legionowa.pl\/index.php\/2025\/08\/01\/dlaczego-81-lat-po-powstaniu-warszawskim-wciaz-czcimy-pamiec-i-bohaterstwo-powstancow\/","name":"Dlaczego 81 lat po Powstaniu Warszawskim wci\u0105\u017c czcimy pami\u0119\u0107 i bohaterstwo powsta\u0144c\u00f3w? - WordPress","isPartOf":{"@id":"https:\/\/przyjaciele-legionowa.pl\/#website"},"primaryImageOfPage":{"@id":"https:\/\/przyjaciele-legionowa.pl\/index.php\/2025\/08\/01\/dlaczego-81-lat-po-powstaniu-warszawskim-wciaz-czcimy-pamiec-i-bohaterstwo-powstancow\/#primaryimage"},"image":{"@id":"https:\/\/przyjaciele-legionowa.pl\/index.php\/2025\/08\/01\/dlaczego-81-lat-po-powstaniu-warszawskim-wciaz-czcimy-pamiec-i-bohaterstwo-powstancow\/#primaryimage"},"thumbnailUrl":"https:\/\/przyjaciele-legionowa.pl\/wp-content\/uploads\/2025\/08\/IMG_3927.jpeg","datePublished":"2025-08-01T20:58:15+00:00","dateModified":"2025-08-01T21:52:56+00:00","breadcrumb":{"@id":"https:\/\/przyjaciele-legionowa.pl\/index.php\/2025\/08\/01\/dlaczego-81-lat-po-powstaniu-warszawskim-wciaz-czcimy-pamiec-i-bohaterstwo-powstancow\/#breadcrumb"},"inLanguage":"en-US","potentialAction":[{"@type":"ReadAction","target":["https:\/\/przyjaciele-legionowa.pl\/index.php\/2025\/08\/01\/dlaczego-81-lat-po-powstaniu-warszawskim-wciaz-czcimy-pamiec-i-bohaterstwo-powstancow\/"]}]},{"@type":"ImageObject","inLanguage":"en-US","@id":"https:\/\/przyjaciele-legionowa.pl\/index.php\/2025\/08\/01\/dlaczego-81-lat-po-powstaniu-warszawskim-wciaz-czcimy-pamiec-i-bohaterstwo-powstancow\/#primaryimage","url":"https:\/\/przyjaciele-legionowa.pl\/wp-content\/uploads\/2025\/08\/IMG_3927.jpeg","contentUrl":"https:\/\/przyjaciele-legionowa.pl\/wp-content\/uploads\/2025\/08\/IMG_3927.jpeg","width":1000,"height":1333},{"@type":"BreadcrumbList","@id":"https:\/\/przyjaciele-legionowa.pl\/index.php\/2025\/08\/01\/dlaczego-81-lat-po-powstaniu-warszawskim-wciaz-czcimy-pamiec-i-bohaterstwo-powstancow\/#breadcrumb","itemListElement":[{"@type":"ListItem","position":1,"name":"Strona g\u0142\u00f3wna","item":"https:\/\/przyjaciele-legionowa.pl\/"},{"@type":"ListItem","position":2,"name":"Dlaczego 81 lat po Powstaniu Warszawskim wci\u0105\u017c czcimy pami\u0119\u0107 i bohaterstwo powsta\u0144c\u00f3w?"}]},{"@type":"WebSite","@id":"https:\/\/przyjaciele-legionowa.pl\/#website","url":"https:\/\/przyjaciele-legionowa.pl\/","name":"przyjaciele-legionowa.pl","description":"Just another WordPress site","publisher":{"@id":"https:\/\/przyjaciele-legionowa.pl\/#organization"},"potentialAction":[{"@type":"SearchAction","target":{"@type":"EntryPoint","urlTemplate":"https:\/\/przyjaciele-legionowa.pl\/?s={search_term_string}"},"query-input":{"@type":"PropertyValueSpecification","valueRequired":true,"valueName":"search_term_string"}}],"inLanguage":"en-US"},{"@type":"Organization","@id":"https:\/\/przyjaciele-legionowa.pl\/#organization","name":"Towarzystwo Przyjaci\u00f3\u0142 Legionowa","url":"https:\/\/przyjaciele-legionowa.pl\/","logo":{"@type":"ImageObject","inLanguage":"en-US","@id":"https:\/\/przyjaciele-legionowa.pl\/#\/schema\/logo\/image\/","url":"https:\/\/przyjaciele-legionowa.pl\/wp-content\/uploads\/2025\/01\/log-e1746416050678.jpg","contentUrl":"https:\/\/przyjaciele-legionowa.pl\/wp-content\/uploads\/2025\/01\/log-e1746416050678.jpg","width":294,"height":430,"caption":"Towarzystwo Przyjaci\u00f3\u0142 Legionowa"},"image":{"@id":"https:\/\/przyjaciele-legionowa.pl\/#\/schema\/logo\/image\/"},"sameAs":["https:\/\/www.facebook.com\/profile.php?id=100067066425039&locale=pl_PL"]},{"@type":"Person","@id":"https:\/\/przyjaciele-legionowa.pl\/#\/schema\/person\/84acfe8979ce9af1d357776361fc55fd","name":"admin2820","image":{"@type":"ImageObject","inLanguage":"en-US","@id":"https:\/\/secure.gravatar.com\/avatar\/5ee8db31b9e7df1b3f0e08ae6e282faa31a14e095dd3f7ae74e1cb8e0b8f407f?s=96&d=mm&r=g","url":"https:\/\/secure.gravatar.com\/avatar\/5ee8db31b9e7df1b3f0e08ae6e282faa31a14e095dd3f7ae74e1cb8e0b8f407f?s=96&d=mm&r=g","contentUrl":"https:\/\/secure.gravatar.com\/avatar\/5ee8db31b9e7df1b3f0e08ae6e282faa31a14e095dd3f7ae74e1cb8e0b8f407f?s=96&d=mm&r=g","caption":"admin2820"},"sameAs":["http:\/\/przyjaciele-legionowa.pl"],"url":"https:\/\/przyjaciele-legionowa.pl\/index.php\/author\/admin2820\/"}]}},"_links":{"self":[{"href":"https:\/\/przyjaciele-legionowa.pl\/index.php\/wp-json\/wp\/v2\/posts\/6477","targetHints":{"allow":["GET"]}}],"collection":[{"href":"https:\/\/przyjaciele-legionowa.pl\/index.php\/wp-json\/wp\/v2\/posts"}],"about":[{"href":"https:\/\/przyjaciele-legionowa.pl\/index.php\/wp-json\/wp\/v2\/types\/post"}],"author":[{"embeddable":true,"href":"https:\/\/przyjaciele-legionowa.pl\/index.php\/wp-json\/wp\/v2\/users\/1"}],"replies":[{"embeddable":true,"href":"https:\/\/przyjaciele-legionowa.pl\/index.php\/wp-json\/wp\/v2\/comments?post=6477"}],"version-history":[{"count":9,"href":"https:\/\/przyjaciele-legionowa.pl\/index.php\/wp-json\/wp\/v2\/posts\/6477\/revisions"}],"predecessor-version":[{"id":6492,"href":"https:\/\/przyjaciele-legionowa.pl\/index.php\/wp-json\/wp\/v2\/posts\/6477\/revisions\/6492"}],"wp:featuredmedia":[{"embeddable":true,"href":"https:\/\/przyjaciele-legionowa.pl\/index.php\/wp-json\/wp\/v2\/media\/6479"}],"wp:attachment":[{"href":"https:\/\/przyjaciele-legionowa.pl\/index.php\/wp-json\/wp\/v2\/media?parent=6477"}],"wp:term":[{"taxonomy":"category","embeddable":true,"href":"https:\/\/przyjaciele-legionowa.pl\/index.php\/wp-json\/wp\/v2\/categories?post=6477"},{"taxonomy":"post_tag","embeddable":true,"href":"https:\/\/przyjaciele-legionowa.pl\/index.php\/wp-json\/wp\/v2\/tags?post=6477"}],"curies":[{"name":"wp","href":"https:\/\/api.w.org\/{rel}","templated":true}]}}