{"id":6270,"date":"2025-04-06T13:06:23","date_gmt":"2025-04-06T19:06:23","guid":{"rendered":"https:\/\/www.przyjaciele-legionowa.org.pl\/?p=6270"},"modified":"2025-04-06T13:06:23","modified_gmt":"2025-04-06T19:06:23","slug":"legionowo-uczcilo-pamiec-ofiar-zbrodni-katynskiej-85-rocznica-tragicznych-wydarzen","status":"publish","type":"post","link":"https:\/\/przyjaciele-legionowa.pl\/index.php\/2025\/04\/06\/legionowo-uczcilo-pamiec-ofiar-zbrodni-katynskiej-85-rocznica-tragicznych-wydarzen\/","title":{"rendered":"Legionowo uczci\u0142o pami\u0119\u0107 ofiar Zbrodni Katy\u0144skiej \u2013 85. rocznica tragicznych wydarze\u0144"},"content":{"rendered":"<p>W niedziel\u0119, 6 kwietnia 2025 roku o godzinie 18:00 w ko\u015bciele pw. Matki Bo\u017cej Fatimskiej w Legionowie odby\u0142y si\u0119 uroczysto\u015bci upami\u0119tniaj\u0105ce 85. rocznic\u0119 Zbrodni Katy\u0144skiej \u2014 jednego z najtragiczniejszych wydarze\u0144 w historii Polski. Wydarzenie to, b\u0119d\u0105ce elementem og\u00f3lnopolskich obchod\u00f3w Dnia Pami\u0119ci Ofiar Zbrodni Katy\u0144skiej, zgromadzi\u0142o licznych mieszka\u0144c\u00f3w Legionowa, przedstawicieli lokalnych w\u0142adz, s\u0142u\u017cb mundurowych, organizacji pozarz\u0105dowych, harcerzy, m\u0142odzie\u017c szkoln\u0105 oraz poczty sztandarowe.<\/p>\n<p>Uroczysto\u015bci rozpocz\u0119\u0142a uroczysta msza \u015bwi\u0119ta koncelebrowana przez ksi\u0119dza pra\u0142ata Tomasza Chcia\u0142owskiego, proboszcza parafii Matki Bo\u017cej Fatimskiej. W homilii podkre\u015blono znaczenie pami\u0119ci historycznej i obowi\u0105zku przekazywania prawdy o zbrodni katy\u0144skiej kolejnym pokoleniom. Ksi\u0105dz Chcia\u0142owski wspomina\u0142 tak\u017ce dramat rodzin katy\u0144skich i potrzeb\u0119 budowania wsp\u00f3lnoty narodowej wok\u00f3\u0142 warto\u015bci, za kt\u00f3re polscy oficerowie oddali \u017cycie.<\/p>\n<p>Szczeg\u00f3lnie uroczyst\u0105 opraw\u0119 mszy zapewni\u0142a obecno\u015b\u0107 poczt\u00f3w sztandarowych reprezentuj\u0105cych m.in. wojsko polskie, policj\u0119, organizacje kombatanckie oraz szko\u0142y z terenu Legionowa. W \u015bwi\u0105tyni panowa\u0142a atmosfera zadumy i skupienia.<\/p>\n<p>Po zako\u0144czeniu liturgii uczestnicy przeszli pod pomnik Ofiar Zbrodni Katy\u0144skiej, znajduj\u0105cy si\u0119 na terenie parafii. Tam odby\u0142a si\u0119 druga cz\u0119\u015b\u0107 uroczysto\u015bci \u2014 z\u0142o\u017cenie kwiat\u00f3w i zapalenie zniczy. W imieniu w\u0142adz samorz\u0105dowych g\u0142os zabrali przedstawiciele: Urz\u0119du Miasta Legionowo i Starostwa Powiatowego, podkre\u015blaj\u0105c wag\u0119 upami\u0119tniania tych, kt\u00f3rzy padli ofiar\u0105 sowieckiego re\u017cimu, b\u0119d\u0105c elit\u0105 II Rzeczypospolitej \u2013 oficerami, naukowcami, lekarzami, nauczycielami, funkcjonariuszami s\u0142u\u017cb mundurowych i przedstawicielami wolnych zawod\u00f3w.<\/p>\n<p>W imieniu Towarzystwa Przyjaci\u00f3\u0142 Legionowa kwiaty z\u0142o\u017cyli: Pani Bo\u017cena Malesa i Pan Andrzej Bochacz.<\/p>\n<p>Nie zabrak\u0142o te\u017c kr\u00f3tkiej lekcji historii \u2013 prowadz\u0105cy uroczysto\u015b\u0107 przypomnia\u0142, \u017ce wiosn\u0105 1940 roku na mocy decyzji najwy\u017cszych w\u0142adz ZSRR zamordowano blisko 22 tysi\u0105ce obywateli Polski \u2013 je\u0144c\u00f3w wojennych i wi\u0119\u017ani\u00f3w politycznych. Ich cia\u0142a spocz\u0119\u0142y w masowych grobach m.in. w Katyniu, Miednoje, Charkowie, Bykowni i Kuropatach. Przez p\u00f3\u0142 wieku Zwi\u0105zek Sowiecki wypiera\u0142 si\u0119 odpowiedzialno\u015bci za te zbrodnie. Dopiero w 1990 roku Kreml oficjalnie przyzna\u0142, \u017ce by\u0142a to jedna z \u201eci\u0119\u017ckich zbrodni stalinizmu\u201d.<\/p>\n<p>Obchody 85. rocznicy Zbrodni Katy\u0144skiej w Legionowie mia\u0142y wyj\u0105tkowy charakter. By\u0142y nie tylko aktem pami\u0119ci o ofiarach, ale r\u00f3wnie\u017c wyrazem szacunku dla prawdy historycznej oraz potrzeb\u0105 wsp\u00f3lnotowego prze\u017cywania dramatycznych wydarze\u0144, kt\u00f3re na zawsze odcisn\u0119\u0142y pi\u0119tno na historii Polski.<\/p>\n<p>Organizatorami uroczysto\u015bci byli parafia pw. Matki Bo\u017cej Fatimskiej, Urz\u0105d Miasta Legionowo oraz lokalne \u015brodowiska patriotyczne i kombatanckie.<\/p>\n<div id='gallery-1' class='gallery galleryid-6270 gallery-columns-3 gallery-size-medium'><figure class='gallery-item'>\n\t\t\t<div class='gallery-icon portrait'>\n\t\t\t\t<a href='https:\/\/przyjaciele-legionowa.pl\/wp-content\/uploads\/2025\/04\/IMG_2148.jpeg'><img fetchpriority=\"high\" decoding=\"async\" width=\"225\" height=\"300\" src=\"https:\/\/przyjaciele-legionowa.pl\/wp-content\/uploads\/2025\/04\/IMG_2148-225x300.jpeg\" class=\"attachment-medium size-medium\" alt=\"\" srcset=\"https:\/\/przyjaciele-legionowa.pl\/wp-content\/uploads\/2025\/04\/IMG_2148-225x300.jpeg 225w, https:\/\/przyjaciele-legionowa.pl\/wp-content\/uploads\/2025\/04\/IMG_2148-768x1024.jpeg 768w, https:\/\/przyjaciele-legionowa.pl\/wp-content\/uploads\/2025\/04\/IMG_2148.jpeg 1000w\" sizes=\"(max-width: 225px) 100vw, 225px\" \/><\/a>\n\t\t\t<\/div><\/figure><figure class='gallery-item'>\n\t\t\t<div class='gallery-icon landscape'>\n\t\t\t\t<a href='https:\/\/przyjaciele-legionowa.pl\/wp-content\/uploads\/2025\/04\/IMG_2154.jpeg'><img decoding=\"async\" width=\"300\" height=\"225\" src=\"https:\/\/przyjaciele-legionowa.pl\/wp-content\/uploads\/2025\/04\/IMG_2154-300x225.jpeg\" class=\"attachment-medium size-medium\" alt=\"\" srcset=\"https:\/\/przyjaciele-legionowa.pl\/wp-content\/uploads\/2025\/04\/IMG_2154-300x225.jpeg 300w, https:\/\/przyjaciele-legionowa.pl\/wp-content\/uploads\/2025\/04\/IMG_2154-1024x768.jpeg 1024w, https:\/\/przyjaciele-legionowa.pl\/wp-content\/uploads\/2025\/04\/IMG_2154-768x576.jpeg 768w, https:\/\/przyjaciele-legionowa.pl\/wp-content\/uploads\/2025\/04\/IMG_2154.jpeg 1200w\" sizes=\"(max-width: 300px) 100vw, 300px\" \/><\/a>\n\t\t\t<\/div><\/figure><figure class='gallery-item'>\n\t\t\t<div class='gallery-icon portrait'>\n\t\t\t\t<a href='https:\/\/przyjaciele-legionowa.pl\/wp-content\/uploads\/2025\/04\/IMG_2156.jpeg'><img decoding=\"async\" width=\"225\" height=\"300\" src=\"https:\/\/przyjaciele-legionowa.pl\/wp-content\/uploads\/2025\/04\/IMG_2156-225x300.jpeg\" class=\"attachment-medium size-medium\" alt=\"\" srcset=\"https:\/\/przyjaciele-legionowa.pl\/wp-content\/uploads\/2025\/04\/IMG_2156-225x300.jpeg 225w, https:\/\/przyjaciele-legionowa.pl\/wp-content\/uploads\/2025\/04\/IMG_2156-768x1024.jpeg 768w, https:\/\/przyjaciele-legionowa.pl\/wp-content\/uploads\/2025\/04\/IMG_2156.jpeg 1000w\" sizes=\"(max-width: 225px) 100vw, 225px\" \/><\/a>\n\t\t\t<\/div><\/figure>\n\t\t<\/div>\n\n","protected":false},"excerpt":{"rendered":"<p>W niedziel\u0119, 6 kwietnia 2025 roku o godzinie 18:00 w ko\u015bciele pw. Matki Bo\u017cej Fatimskiej w Legionowie odby\u0142y si\u0119 uroczysto\u015bci upami\u0119tniaj\u0105ce 85. rocznic\u0119 Zbrodni Katy\u0144skiej \u2014 jednego z najtragiczniejszych wydarze\u0144 w historii Polski. Wydarzenie to, b\u0119d\u0105ce elementem og\u00f3lnopolskich obchod\u00f3w Dnia Pami\u0119ci Ofiar Zbrodni Katy\u0144skiej, zgromadzi\u0142o licznych mieszka\u0144c\u00f3w Legionowa, przedstawicieli lokalnych w\u0142adz, s\u0142u\u017cb mundurowych, organizacji pozarz\u0105dowych, [&hellip;]<\/p>\n","protected":false},"author":1,"featured_media":6271,"comment_status":"open","ping_status":"open","sticky":false,"template":"","format":"standard","meta":{"footnotes":""},"categories":[2,8],"tags":[11,16],"class_list":["post-6270","post","type-post","status-publish","format-standard","has-post-thumbnail","hentry","category-legionowo","category-wydarzenia","tag-katyn","tag-zbrodnia-katynska"],"yoast_head":"<!-- This site is optimized with the Yoast SEO plugin v27.5 - https:\/\/yoast.com\/product\/yoast-seo-wordpress\/ -->\n<title>Legionowo uczci\u0142o pami\u0119\u0107 ofiar Zbrodni Katy\u0144skiej \u2013 85. rocznica tragicznych wydarze\u0144 - WordPress<\/title>\n<meta name=\"robots\" content=\"index, follow, max-snippet:-1, max-image-preview:large, max-video-preview:-1\" \/>\n<link rel=\"canonical\" href=\"https:\/\/przyjaciele-legionowa.pl\/index.php\/2025\/04\/06\/legionowo-uczcilo-pamiec-ofiar-zbrodni-katynskiej-85-rocznica-tragicznych-wydarzen\/\" \/>\n<meta property=\"og:locale\" content=\"en_US\" \/>\n<meta property=\"og:type\" content=\"article\" \/>\n<meta property=\"og:title\" content=\"Legionowo uczci\u0142o pami\u0119\u0107 ofiar Zbrodni Katy\u0144skiej \u2013 85. rocznica tragicznych wydarze\u0144 - WordPress\" \/>\n<meta property=\"og:description\" content=\"W niedziel\u0119, 6 kwietnia 2025 roku o godzinie 18:00 w ko\u015bciele pw. Matki Bo\u017cej Fatimskiej w Legionowie odby\u0142y si\u0119 uroczysto\u015bci upami\u0119tniaj\u0105ce 85. rocznic\u0119 Zbrodni Katy\u0144skiej \u2014 jednego z najtragiczniejszych wydarze\u0144 w historii Polski. Wydarzenie to, b\u0119d\u0105ce elementem og\u00f3lnopolskich obchod\u00f3w Dnia Pami\u0119ci Ofiar Zbrodni Katy\u0144skiej, zgromadzi\u0142o licznych mieszka\u0144c\u00f3w Legionowa, przedstawicieli lokalnych w\u0142adz, s\u0142u\u017cb mundurowych, organizacji pozarz\u0105dowych, [&hellip;]\" \/>\n<meta property=\"og:url\" content=\"https:\/\/przyjaciele-legionowa.pl\/index.php\/2025\/04\/06\/legionowo-uczcilo-pamiec-ofiar-zbrodni-katynskiej-85-rocznica-tragicznych-wydarzen\/\" \/>\n<meta property=\"og:site_name\" content=\"WordPress\" \/>\n<meta property=\"article:publisher\" content=\"https:\/\/www.facebook.com\/profile.php?id=100067066425039&amp;locale=pl_PL\" \/>\n<meta property=\"article:published_time\" content=\"2025-04-06T19:06:23+00:00\" \/>\n<meta property=\"og:image\" content=\"https:\/\/przyjaciele-legionowa.pl\/wp-content\/uploads\/2025\/04\/IMG_2156-kopia.jpeg\" \/>\n\t<meta property=\"og:image:width\" content=\"1000\" \/>\n\t<meta property=\"og:image:height\" content=\"677\" \/>\n\t<meta property=\"og:image:type\" content=\"image\/jpeg\" \/>\n<meta name=\"author\" content=\"admin2820\" \/>\n<meta name=\"twitter:card\" content=\"summary_large_image\" \/>\n<meta name=\"twitter:label1\" content=\"Written by\" \/>\n\t<meta name=\"twitter:data1\" content=\"admin2820\" \/>\n\t<meta name=\"twitter:label2\" content=\"Est. reading time\" \/>\n\t<meta name=\"twitter:data2\" content=\"2 minutes\" \/>\n<script type=\"application\/ld+json\" class=\"yoast-schema-graph\">{\"@context\":\"https:\\\/\\\/schema.org\",\"@graph\":[{\"@type\":\"Article\",\"@id\":\"https:\\\/\\\/przyjaciele-legionowa.pl\\\/index.php\\\/2025\\\/04\\\/06\\\/legionowo-uczcilo-pamiec-ofiar-zbrodni-katynskiej-85-rocznica-tragicznych-wydarzen\\\/#article\",\"isPartOf\":{\"@id\":\"https:\\\/\\\/przyjaciele-legionowa.pl\\\/index.php\\\/2025\\\/04\\\/06\\\/legionowo-uczcilo-pamiec-ofiar-zbrodni-katynskiej-85-rocznica-tragicznych-wydarzen\\\/\"},\"author\":{\"name\":\"admin2820\",\"@id\":\"https:\\\/\\\/przyjaciele-legionowa.pl\\\/#\\\/schema\\\/person\\\/84acfe8979ce9af1d357776361fc55fd\"},\"headline\":\"Legionowo uczci\u0142o pami\u0119\u0107 ofiar Zbrodni Katy\u0144skiej \u2013 85. rocznica tragicznych wydarze\u0144\",\"datePublished\":\"2025-04-06T19:06:23+00:00\",\"mainEntityOfPage\":{\"@id\":\"https:\\\/\\\/przyjaciele-legionowa.pl\\\/index.php\\\/2025\\\/04\\\/06\\\/legionowo-uczcilo-pamiec-ofiar-zbrodni-katynskiej-85-rocznica-tragicznych-wydarzen\\\/\"},\"wordCount\":452,\"commentCount\":0,\"publisher\":{\"@id\":\"https:\\\/\\\/przyjaciele-legionowa.pl\\\/#organization\"},\"image\":{\"@id\":\"https:\\\/\\\/przyjaciele-legionowa.pl\\\/index.php\\\/2025\\\/04\\\/06\\\/legionowo-uczcilo-pamiec-ofiar-zbrodni-katynskiej-85-rocznica-tragicznych-wydarzen\\\/#primaryimage\"},\"thumbnailUrl\":\"https:\\\/\\\/przyjaciele-legionowa.pl\\\/wp-content\\\/uploads\\\/2025\\\/04\\\/IMG_2156-kopia.jpeg\",\"keywords\":[\"katy\u0144\",\"zbrodnia katy\u0144ska\"],\"articleSection\":[\"Legionowo\",\"Wydarzenia\"],\"inLanguage\":\"en-US\",\"potentialAction\":[{\"@type\":\"CommentAction\",\"name\":\"Comment\",\"target\":[\"https:\\\/\\\/przyjaciele-legionowa.pl\\\/index.php\\\/2025\\\/04\\\/06\\\/legionowo-uczcilo-pamiec-ofiar-zbrodni-katynskiej-85-rocznica-tragicznych-wydarzen\\\/#respond\"]}]},{\"@type\":\"WebPage\",\"@id\":\"https:\\\/\\\/przyjaciele-legionowa.pl\\\/index.php\\\/2025\\\/04\\\/06\\\/legionowo-uczcilo-pamiec-ofiar-zbrodni-katynskiej-85-rocznica-tragicznych-wydarzen\\\/\",\"url\":\"https:\\\/\\\/przyjaciele-legionowa.pl\\\/index.php\\\/2025\\\/04\\\/06\\\/legionowo-uczcilo-pamiec-ofiar-zbrodni-katynskiej-85-rocznica-tragicznych-wydarzen\\\/\",\"name\":\"Legionowo uczci\u0142o pami\u0119\u0107 ofiar Zbrodni Katy\u0144skiej \u2013 85. rocznica tragicznych wydarze\u0144 - WordPress\",\"isPartOf\":{\"@id\":\"https:\\\/\\\/przyjaciele-legionowa.pl\\\/#website\"},\"primaryImageOfPage\":{\"@id\":\"https:\\\/\\\/przyjaciele-legionowa.pl\\\/index.php\\\/2025\\\/04\\\/06\\\/legionowo-uczcilo-pamiec-ofiar-zbrodni-katynskiej-85-rocznica-tragicznych-wydarzen\\\/#primaryimage\"},\"image\":{\"@id\":\"https:\\\/\\\/przyjaciele-legionowa.pl\\\/index.php\\\/2025\\\/04\\\/06\\\/legionowo-uczcilo-pamiec-ofiar-zbrodni-katynskiej-85-rocznica-tragicznych-wydarzen\\\/#primaryimage\"},\"thumbnailUrl\":\"https:\\\/\\\/przyjaciele-legionowa.pl\\\/wp-content\\\/uploads\\\/2025\\\/04\\\/IMG_2156-kopia.jpeg\",\"datePublished\":\"2025-04-06T19:06:23+00:00\",\"breadcrumb\":{\"@id\":\"https:\\\/\\\/przyjaciele-legionowa.pl\\\/index.php\\\/2025\\\/04\\\/06\\\/legionowo-uczcilo-pamiec-ofiar-zbrodni-katynskiej-85-rocznica-tragicznych-wydarzen\\\/#breadcrumb\"},\"inLanguage\":\"en-US\",\"potentialAction\":[{\"@type\":\"ReadAction\",\"target\":[\"https:\\\/\\\/przyjaciele-legionowa.pl\\\/index.php\\\/2025\\\/04\\\/06\\\/legionowo-uczcilo-pamiec-ofiar-zbrodni-katynskiej-85-rocznica-tragicznych-wydarzen\\\/\"]}]},{\"@type\":\"ImageObject\",\"inLanguage\":\"en-US\",\"@id\":\"https:\\\/\\\/przyjaciele-legionowa.pl\\\/index.php\\\/2025\\\/04\\\/06\\\/legionowo-uczcilo-pamiec-ofiar-zbrodni-katynskiej-85-rocznica-tragicznych-wydarzen\\\/#primaryimage\",\"url\":\"https:\\\/\\\/przyjaciele-legionowa.pl\\\/wp-content\\\/uploads\\\/2025\\\/04\\\/IMG_2156-kopia.jpeg\",\"contentUrl\":\"https:\\\/\\\/przyjaciele-legionowa.pl\\\/wp-content\\\/uploads\\\/2025\\\/04\\\/IMG_2156-kopia.jpeg\",\"width\":1000,\"height\":677},{\"@type\":\"BreadcrumbList\",\"@id\":\"https:\\\/\\\/przyjaciele-legionowa.pl\\\/index.php\\\/2025\\\/04\\\/06\\\/legionowo-uczcilo-pamiec-ofiar-zbrodni-katynskiej-85-rocznica-tragicznych-wydarzen\\\/#breadcrumb\",\"itemListElement\":[{\"@type\":\"ListItem\",\"position\":1,\"name\":\"Strona g\u0142\u00f3wna\",\"item\":\"https:\\\/\\\/przyjaciele-legionowa.pl\\\/\"},{\"@type\":\"ListItem\",\"position\":2,\"name\":\"Legionowo uczci\u0142o pami\u0119\u0107 ofiar Zbrodni Katy\u0144skiej \u2013 85. rocznica tragicznych wydarze\u0144\"}]},{\"@type\":\"WebSite\",\"@id\":\"https:\\\/\\\/przyjaciele-legionowa.pl\\\/#website\",\"url\":\"https:\\\/\\\/przyjaciele-legionowa.pl\\\/\",\"name\":\"przyjaciele-legionowa.pl\",\"description\":\"Just another WordPress site\",\"publisher\":{\"@id\":\"https:\\\/\\\/przyjaciele-legionowa.pl\\\/#organization\"},\"potentialAction\":[{\"@type\":\"SearchAction\",\"target\":{\"@type\":\"EntryPoint\",\"urlTemplate\":\"https:\\\/\\\/przyjaciele-legionowa.pl\\\/?s={search_term_string}\"},\"query-input\":{\"@type\":\"PropertyValueSpecification\",\"valueRequired\":true,\"valueName\":\"search_term_string\"}}],\"inLanguage\":\"en-US\"},{\"@type\":\"Organization\",\"@id\":\"https:\\\/\\\/przyjaciele-legionowa.pl\\\/#organization\",\"name\":\"Towarzystwo Przyjaci\u00f3\u0142 Legionowa\",\"url\":\"https:\\\/\\\/przyjaciele-legionowa.pl\\\/\",\"logo\":{\"@type\":\"ImageObject\",\"inLanguage\":\"en-US\",\"@id\":\"https:\\\/\\\/przyjaciele-legionowa.pl\\\/#\\\/schema\\\/logo\\\/image\\\/\",\"url\":\"https:\\\/\\\/przyjaciele-legionowa.pl\\\/wp-content\\\/uploads\\\/2025\\\/01\\\/log-e1746416050678.jpg\",\"contentUrl\":\"https:\\\/\\\/przyjaciele-legionowa.pl\\\/wp-content\\\/uploads\\\/2025\\\/01\\\/log-e1746416050678.jpg\",\"width\":294,\"height\":430,\"caption\":\"Towarzystwo Przyjaci\u00f3\u0142 Legionowa\"},\"image\":{\"@id\":\"https:\\\/\\\/przyjaciele-legionowa.pl\\\/#\\\/schema\\\/logo\\\/image\\\/\"},\"sameAs\":[\"https:\\\/\\\/www.facebook.com\\\/profile.php?id=100067066425039&locale=pl_PL\"]},{\"@type\":\"Person\",\"@id\":\"https:\\\/\\\/przyjaciele-legionowa.pl\\\/#\\\/schema\\\/person\\\/84acfe8979ce9af1d357776361fc55fd\",\"name\":\"admin2820\",\"image\":{\"@type\":\"ImageObject\",\"inLanguage\":\"en-US\",\"@id\":\"https:\\\/\\\/secure.gravatar.com\\\/avatar\\\/5ee8db31b9e7df1b3f0e08ae6e282faa31a14e095dd3f7ae74e1cb8e0b8f407f?s=96&d=mm&r=g\",\"url\":\"https:\\\/\\\/secure.gravatar.com\\\/avatar\\\/5ee8db31b9e7df1b3f0e08ae6e282faa31a14e095dd3f7ae74e1cb8e0b8f407f?s=96&d=mm&r=g\",\"contentUrl\":\"https:\\\/\\\/secure.gravatar.com\\\/avatar\\\/5ee8db31b9e7df1b3f0e08ae6e282faa31a14e095dd3f7ae74e1cb8e0b8f407f?s=96&d=mm&r=g\",\"caption\":\"admin2820\"},\"sameAs\":[\"http:\\\/\\\/przyjaciele-legionowa.pl\"],\"url\":\"https:\\\/\\\/przyjaciele-legionowa.pl\\\/index.php\\\/author\\\/admin2820\\\/\"}]}<\/script>\n<!-- \/ Yoast SEO plugin. -->","yoast_head_json":{"title":"Legionowo uczci\u0142o pami\u0119\u0107 ofiar Zbrodni Katy\u0144skiej \u2013 85. rocznica tragicznych wydarze\u0144 - WordPress","robots":{"index":"index","follow":"follow","max-snippet":"max-snippet:-1","max-image-preview":"max-image-preview:large","max-video-preview":"max-video-preview:-1"},"canonical":"https:\/\/przyjaciele-legionowa.pl\/index.php\/2025\/04\/06\/legionowo-uczcilo-pamiec-ofiar-zbrodni-katynskiej-85-rocznica-tragicznych-wydarzen\/","og_locale":"en_US","og_type":"article","og_title":"Legionowo uczci\u0142o pami\u0119\u0107 ofiar Zbrodni Katy\u0144skiej \u2013 85. rocznica tragicznych wydarze\u0144 - WordPress","og_description":"W niedziel\u0119, 6 kwietnia 2025 roku o godzinie 18:00 w ko\u015bciele pw. Matki Bo\u017cej Fatimskiej w Legionowie odby\u0142y si\u0119 uroczysto\u015bci upami\u0119tniaj\u0105ce 85. rocznic\u0119 Zbrodni Katy\u0144skiej \u2014 jednego z najtragiczniejszych wydarze\u0144 w historii Polski. Wydarzenie to, b\u0119d\u0105ce elementem og\u00f3lnopolskich obchod\u00f3w Dnia Pami\u0119ci Ofiar Zbrodni Katy\u0144skiej, zgromadzi\u0142o licznych mieszka\u0144c\u00f3w Legionowa, przedstawicieli lokalnych w\u0142adz, s\u0142u\u017cb mundurowych, organizacji pozarz\u0105dowych, [&hellip;]","og_url":"https:\/\/przyjaciele-legionowa.pl\/index.php\/2025\/04\/06\/legionowo-uczcilo-pamiec-ofiar-zbrodni-katynskiej-85-rocznica-tragicznych-wydarzen\/","og_site_name":"WordPress","article_publisher":"https:\/\/www.facebook.com\/profile.php?id=100067066425039&locale=pl_PL","article_published_time":"2025-04-06T19:06:23+00:00","og_image":[{"width":1000,"height":677,"url":"https:\/\/przyjaciele-legionowa.pl\/wp-content\/uploads\/2025\/04\/IMG_2156-kopia.jpeg","type":"image\/jpeg"}],"author":"admin2820","twitter_card":"summary_large_image","twitter_misc":{"Written by":"admin2820","Est. reading time":"2 minutes"},"schema":{"@context":"https:\/\/schema.org","@graph":[{"@type":"Article","@id":"https:\/\/przyjaciele-legionowa.pl\/index.php\/2025\/04\/06\/legionowo-uczcilo-pamiec-ofiar-zbrodni-katynskiej-85-rocznica-tragicznych-wydarzen\/#article","isPartOf":{"@id":"https:\/\/przyjaciele-legionowa.pl\/index.php\/2025\/04\/06\/legionowo-uczcilo-pamiec-ofiar-zbrodni-katynskiej-85-rocznica-tragicznych-wydarzen\/"},"author":{"name":"admin2820","@id":"https:\/\/przyjaciele-legionowa.pl\/#\/schema\/person\/84acfe8979ce9af1d357776361fc55fd"},"headline":"Legionowo uczci\u0142o pami\u0119\u0107 ofiar Zbrodni Katy\u0144skiej \u2013 85. rocznica tragicznych wydarze\u0144","datePublished":"2025-04-06T19:06:23+00:00","mainEntityOfPage":{"@id":"https:\/\/przyjaciele-legionowa.pl\/index.php\/2025\/04\/06\/legionowo-uczcilo-pamiec-ofiar-zbrodni-katynskiej-85-rocznica-tragicznych-wydarzen\/"},"wordCount":452,"commentCount":0,"publisher":{"@id":"https:\/\/przyjaciele-legionowa.pl\/#organization"},"image":{"@id":"https:\/\/przyjaciele-legionowa.pl\/index.php\/2025\/04\/06\/legionowo-uczcilo-pamiec-ofiar-zbrodni-katynskiej-85-rocznica-tragicznych-wydarzen\/#primaryimage"},"thumbnailUrl":"https:\/\/przyjaciele-legionowa.pl\/wp-content\/uploads\/2025\/04\/IMG_2156-kopia.jpeg","keywords":["katy\u0144","zbrodnia katy\u0144ska"],"articleSection":["Legionowo","Wydarzenia"],"inLanguage":"en-US","potentialAction":[{"@type":"CommentAction","name":"Comment","target":["https:\/\/przyjaciele-legionowa.pl\/index.php\/2025\/04\/06\/legionowo-uczcilo-pamiec-ofiar-zbrodni-katynskiej-85-rocznica-tragicznych-wydarzen\/#respond"]}]},{"@type":"WebPage","@id":"https:\/\/przyjaciele-legionowa.pl\/index.php\/2025\/04\/06\/legionowo-uczcilo-pamiec-ofiar-zbrodni-katynskiej-85-rocznica-tragicznych-wydarzen\/","url":"https:\/\/przyjaciele-legionowa.pl\/index.php\/2025\/04\/06\/legionowo-uczcilo-pamiec-ofiar-zbrodni-katynskiej-85-rocznica-tragicznych-wydarzen\/","name":"Legionowo uczci\u0142o pami\u0119\u0107 ofiar Zbrodni Katy\u0144skiej \u2013 85. rocznica tragicznych wydarze\u0144 - WordPress","isPartOf":{"@id":"https:\/\/przyjaciele-legionowa.pl\/#website"},"primaryImageOfPage":{"@id":"https:\/\/przyjaciele-legionowa.pl\/index.php\/2025\/04\/06\/legionowo-uczcilo-pamiec-ofiar-zbrodni-katynskiej-85-rocznica-tragicznych-wydarzen\/#primaryimage"},"image":{"@id":"https:\/\/przyjaciele-legionowa.pl\/index.php\/2025\/04\/06\/legionowo-uczcilo-pamiec-ofiar-zbrodni-katynskiej-85-rocznica-tragicznych-wydarzen\/#primaryimage"},"thumbnailUrl":"https:\/\/przyjaciele-legionowa.pl\/wp-content\/uploads\/2025\/04\/IMG_2156-kopia.jpeg","datePublished":"2025-04-06T19:06:23+00:00","breadcrumb":{"@id":"https:\/\/przyjaciele-legionowa.pl\/index.php\/2025\/04\/06\/legionowo-uczcilo-pamiec-ofiar-zbrodni-katynskiej-85-rocznica-tragicznych-wydarzen\/#breadcrumb"},"inLanguage":"en-US","potentialAction":[{"@type":"ReadAction","target":["https:\/\/przyjaciele-legionowa.pl\/index.php\/2025\/04\/06\/legionowo-uczcilo-pamiec-ofiar-zbrodni-katynskiej-85-rocznica-tragicznych-wydarzen\/"]}]},{"@type":"ImageObject","inLanguage":"en-US","@id":"https:\/\/przyjaciele-legionowa.pl\/index.php\/2025\/04\/06\/legionowo-uczcilo-pamiec-ofiar-zbrodni-katynskiej-85-rocznica-tragicznych-wydarzen\/#primaryimage","url":"https:\/\/przyjaciele-legionowa.pl\/wp-content\/uploads\/2025\/04\/IMG_2156-kopia.jpeg","contentUrl":"https:\/\/przyjaciele-legionowa.pl\/wp-content\/uploads\/2025\/04\/IMG_2156-kopia.jpeg","width":1000,"height":677},{"@type":"BreadcrumbList","@id":"https:\/\/przyjaciele-legionowa.pl\/index.php\/2025\/04\/06\/legionowo-uczcilo-pamiec-ofiar-zbrodni-katynskiej-85-rocznica-tragicznych-wydarzen\/#breadcrumb","itemListElement":[{"@type":"ListItem","position":1,"name":"Strona g\u0142\u00f3wna","item":"https:\/\/przyjaciele-legionowa.pl\/"},{"@type":"ListItem","position":2,"name":"Legionowo uczci\u0142o pami\u0119\u0107 ofiar Zbrodni Katy\u0144skiej \u2013 85. rocznica tragicznych wydarze\u0144"}]},{"@type":"WebSite","@id":"https:\/\/przyjaciele-legionowa.pl\/#website","url":"https:\/\/przyjaciele-legionowa.pl\/","name":"przyjaciele-legionowa.pl","description":"Just another WordPress site","publisher":{"@id":"https:\/\/przyjaciele-legionowa.pl\/#organization"},"potentialAction":[{"@type":"SearchAction","target":{"@type":"EntryPoint","urlTemplate":"https:\/\/przyjaciele-legionowa.pl\/?s={search_term_string}"},"query-input":{"@type":"PropertyValueSpecification","valueRequired":true,"valueName":"search_term_string"}}],"inLanguage":"en-US"},{"@type":"Organization","@id":"https:\/\/przyjaciele-legionowa.pl\/#organization","name":"Towarzystwo Przyjaci\u00f3\u0142 Legionowa","url":"https:\/\/przyjaciele-legionowa.pl\/","logo":{"@type":"ImageObject","inLanguage":"en-US","@id":"https:\/\/przyjaciele-legionowa.pl\/#\/schema\/logo\/image\/","url":"https:\/\/przyjaciele-legionowa.pl\/wp-content\/uploads\/2025\/01\/log-e1746416050678.jpg","contentUrl":"https:\/\/przyjaciele-legionowa.pl\/wp-content\/uploads\/2025\/01\/log-e1746416050678.jpg","width":294,"height":430,"caption":"Towarzystwo Przyjaci\u00f3\u0142 Legionowa"},"image":{"@id":"https:\/\/przyjaciele-legionowa.pl\/#\/schema\/logo\/image\/"},"sameAs":["https:\/\/www.facebook.com\/profile.php?id=100067066425039&locale=pl_PL"]},{"@type":"Person","@id":"https:\/\/przyjaciele-legionowa.pl\/#\/schema\/person\/84acfe8979ce9af1d357776361fc55fd","name":"admin2820","image":{"@type":"ImageObject","inLanguage":"en-US","@id":"https:\/\/secure.gravatar.com\/avatar\/5ee8db31b9e7df1b3f0e08ae6e282faa31a14e095dd3f7ae74e1cb8e0b8f407f?s=96&d=mm&r=g","url":"https:\/\/secure.gravatar.com\/avatar\/5ee8db31b9e7df1b3f0e08ae6e282faa31a14e095dd3f7ae74e1cb8e0b8f407f?s=96&d=mm&r=g","contentUrl":"https:\/\/secure.gravatar.com\/avatar\/5ee8db31b9e7df1b3f0e08ae6e282faa31a14e095dd3f7ae74e1cb8e0b8f407f?s=96&d=mm&r=g","caption":"admin2820"},"sameAs":["http:\/\/przyjaciele-legionowa.pl"],"url":"https:\/\/przyjaciele-legionowa.pl\/index.php\/author\/admin2820\/"}]}},"_links":{"self":[{"href":"https:\/\/przyjaciele-legionowa.pl\/index.php\/wp-json\/wp\/v2\/posts\/6270","targetHints":{"allow":["GET"]}}],"collection":[{"href":"https:\/\/przyjaciele-legionowa.pl\/index.php\/wp-json\/wp\/v2\/posts"}],"about":[{"href":"https:\/\/przyjaciele-legionowa.pl\/index.php\/wp-json\/wp\/v2\/types\/post"}],"author":[{"embeddable":true,"href":"https:\/\/przyjaciele-legionowa.pl\/index.php\/wp-json\/wp\/v2\/users\/1"}],"replies":[{"embeddable":true,"href":"https:\/\/przyjaciele-legionowa.pl\/index.php\/wp-json\/wp\/v2\/comments?post=6270"}],"version-history":[{"count":0,"href":"https:\/\/przyjaciele-legionowa.pl\/index.php\/wp-json\/wp\/v2\/posts\/6270\/revisions"}],"wp:featuredmedia":[{"embeddable":true,"href":"https:\/\/przyjaciele-legionowa.pl\/index.php\/wp-json\/wp\/v2\/media\/6271"}],"wp:attachment":[{"href":"https:\/\/przyjaciele-legionowa.pl\/index.php\/wp-json\/wp\/v2\/media?parent=6270"}],"wp:term":[{"taxonomy":"category","embeddable":true,"href":"https:\/\/przyjaciele-legionowa.pl\/index.php\/wp-json\/wp\/v2\/categories?post=6270"},{"taxonomy":"post_tag","embeddable":true,"href":"https:\/\/przyjaciele-legionowa.pl\/index.php\/wp-json\/wp\/v2\/tags?post=6270"}],"curies":[{"name":"wp","href":"https:\/\/api.w.org\/{rel}","templated":true}]}}