{"id":584,"date":"2011-02-21T15:24:37","date_gmt":"2011-02-21T21:24:37","guid":{"rendered":"http:\/\/www.przyjaciele-legionowa.org.pl\/?p=584"},"modified":"2011-02-21T15:24:37","modified_gmt":"2011-02-21T21:24:37","slug":"pozegnanie-prof-arkadiusza-kolodziejczyka","status":"publish","type":"post","link":"https:\/\/przyjaciele-legionowa.pl\/index.php\/2011\/02\/21\/pozegnanie-prof-arkadiusza-kolodziejczyka\/","title":{"rendered":"Po\u017cegnanie prof. Arkadiusza Ko\u0142odziejczyka"},"content":{"rendered":"<p style=\"text-align: center;\">Z \u017calem przyj\u0119li\u015bmy wiadomo\u015b\u0107, \u017ce w dniu 13 lutego 2011 r.<\/p>\n<p style=\"text-align: center;\">niespodziewanie odszed\u0142<br \/>\nprof. dr hab. Arkadiusz Ko\u0142odziejczyk<\/p>\n<p style=\"text-align: center;\">(1957 &#8211; 2011)<\/p>\n<p style=\"text-align: center;\">wybitny regionalista,<\/p>\n<p style=\"text-align: center;\">cz\u0142onek Towarzystwa Przyjaci\u00f3\u0142 Legionowa<\/p>\n<p style=\"text-align: center;\">Redaktor Naczelny &#8220;Rocznika Legionowskiego&#8221;<\/p>\n<p style=\"text-align: center;\">\n<p style=\"text-align: center;\">Wyrazy g\u0142\u0119bokiego wsp\u00f3\u0142czucia Rodzinie sk\u0142ada Zarz\u0105d i cz\u0142onkowie Towarzystwa Przyjaci\u00f3\u0142 Legionowa<\/p>\n","protected":false},"excerpt":{"rendered":"<p>Z \u017calem przyj\u0119li\u015bmy wiadomo\u015b\u0107, \u017ce w dniu 13 lutego 2011 r. niespodziewanie odszed\u0142 prof. dr hab. Arkadiusz Ko\u0142odziejczyk (1957 &#8211; 2011) wybitny regionalista, cz\u0142onek Towarzystwa Przyjaci\u00f3\u0142 Legionowa Redaktor Naczelny &#8220;Rocznika Legionowskiego&#8221; Wyrazy g\u0142\u0119bokiego wsp\u00f3\u0142czucia Rodzinie sk\u0142ada Zarz\u0105d i cz\u0142onkowie Towarzystwa Przyjaci\u00f3\u0142 Legionowa<\/p>\n","protected":false},"author":1,"featured_media":0,"comment_status":"open","ping_status":"open","sticky":false,"template":"","format":"standard","meta":{"footnotes":""},"categories":[8],"tags":[],"class_list":["post-584","post","type-post","status-publish","format-standard","hentry","category-wydarzenia"],"yoast_head":"<!-- This site is optimized with the Yoast SEO plugin v27.5 - https:\/\/yoast.com\/product\/yoast-seo-wordpress\/ -->\n<title>Po\u017cegnanie prof. Arkadiusza Ko\u0142odziejczyka - WordPress<\/title>\n<meta name=\"robots\" content=\"index, follow, max-snippet:-1, max-image-preview:large, max-video-preview:-1\" \/>\n<link rel=\"canonical\" href=\"https:\/\/przyjaciele-legionowa.pl\/index.php\/2011\/02\/21\/pozegnanie-prof-arkadiusza-kolodziejczyka\/\" \/>\n<meta property=\"og:locale\" content=\"en_US\" \/>\n<meta property=\"og:type\" content=\"article\" \/>\n<meta property=\"og:title\" content=\"Po\u017cegnanie prof. Arkadiusza Ko\u0142odziejczyka - WordPress\" \/>\n<meta property=\"og:description\" content=\"Z \u017calem przyj\u0119li\u015bmy wiadomo\u015b\u0107, \u017ce w dniu 13 lutego 2011 r. niespodziewanie odszed\u0142 prof. dr hab. Arkadiusz Ko\u0142odziejczyk (1957 &#8211; 2011) wybitny regionalista, cz\u0142onek Towarzystwa Przyjaci\u00f3\u0142 Legionowa Redaktor Naczelny &#8220;Rocznika Legionowskiego&#8221; Wyrazy g\u0142\u0119bokiego wsp\u00f3\u0142czucia Rodzinie sk\u0142ada Zarz\u0105d i cz\u0142onkowie Towarzystwa Przyjaci\u00f3\u0142 Legionowa\" \/>\n<meta property=\"og:url\" content=\"https:\/\/przyjaciele-legionowa.pl\/index.php\/2011\/02\/21\/pozegnanie-prof-arkadiusza-kolodziejczyka\/\" \/>\n<meta property=\"og:site_name\" content=\"WordPress\" \/>\n<meta property=\"article:publisher\" content=\"https:\/\/www.facebook.com\/profile.php?id=100067066425039&amp;locale=pl_PL\" \/>\n<meta property=\"article:published_time\" content=\"2011-02-21T21:24:37+00:00\" \/>\n<meta name=\"author\" content=\"admin2820\" \/>\n<meta name=\"twitter:card\" content=\"summary_large_image\" \/>\n<meta name=\"twitter:label1\" content=\"Written by\" \/>\n\t<meta name=\"twitter:data1\" content=\"admin2820\" \/>\n<script type=\"application\/ld+json\" class=\"yoast-schema-graph\">{\"@context\":\"https:\\\/\\\/schema.org\",\"@graph\":[{\"@type\":\"Article\",\"@id\":\"https:\\\/\\\/przyjaciele-legionowa.pl\\\/index.php\\\/2011\\\/02\\\/21\\\/pozegnanie-prof-arkadiusza-kolodziejczyka\\\/#article\",\"isPartOf\":{\"@id\":\"https:\\\/\\\/przyjaciele-legionowa.pl\\\/index.php\\\/2011\\\/02\\\/21\\\/pozegnanie-prof-arkadiusza-kolodziejczyka\\\/\"},\"author\":{\"name\":\"admin2820\",\"@id\":\"https:\\\/\\\/przyjaciele-legionowa.pl\\\/#\\\/schema\\\/person\\\/84acfe8979ce9af1d357776361fc55fd\"},\"headline\":\"Po\u017cegnanie prof. Arkadiusza Ko\u0142odziejczyka\",\"datePublished\":\"2011-02-21T21:24:37+00:00\",\"mainEntityOfPage\":{\"@id\":\"https:\\\/\\\/przyjaciele-legionowa.pl\\\/index.php\\\/2011\\\/02\\\/21\\\/pozegnanie-prof-arkadiusza-kolodziejczyka\\\/\"},\"wordCount\":53,\"commentCount\":0,\"publisher\":{\"@id\":\"https:\\\/\\\/przyjaciele-legionowa.pl\\\/#organization\"},\"articleSection\":[\"Wydarzenia\"],\"inLanguage\":\"en-US\",\"potentialAction\":[{\"@type\":\"CommentAction\",\"name\":\"Comment\",\"target\":[\"https:\\\/\\\/przyjaciele-legionowa.pl\\\/index.php\\\/2011\\\/02\\\/21\\\/pozegnanie-prof-arkadiusza-kolodziejczyka\\\/#respond\"]}]},{\"@type\":\"WebPage\",\"@id\":\"https:\\\/\\\/przyjaciele-legionowa.pl\\\/index.php\\\/2011\\\/02\\\/21\\\/pozegnanie-prof-arkadiusza-kolodziejczyka\\\/\",\"url\":\"https:\\\/\\\/przyjaciele-legionowa.pl\\\/index.php\\\/2011\\\/02\\\/21\\\/pozegnanie-prof-arkadiusza-kolodziejczyka\\\/\",\"name\":\"Po\u017cegnanie prof. Arkadiusza Ko\u0142odziejczyka - WordPress\",\"isPartOf\":{\"@id\":\"https:\\\/\\\/przyjaciele-legionowa.pl\\\/#website\"},\"datePublished\":\"2011-02-21T21:24:37+00:00\",\"breadcrumb\":{\"@id\":\"https:\\\/\\\/przyjaciele-legionowa.pl\\\/index.php\\\/2011\\\/02\\\/21\\\/pozegnanie-prof-arkadiusza-kolodziejczyka\\\/#breadcrumb\"},\"inLanguage\":\"en-US\",\"potentialAction\":[{\"@type\":\"ReadAction\",\"target\":[\"https:\\\/\\\/przyjaciele-legionowa.pl\\\/index.php\\\/2011\\\/02\\\/21\\\/pozegnanie-prof-arkadiusza-kolodziejczyka\\\/\"]}]},{\"@type\":\"BreadcrumbList\",\"@id\":\"https:\\\/\\\/przyjaciele-legionowa.pl\\\/index.php\\\/2011\\\/02\\\/21\\\/pozegnanie-prof-arkadiusza-kolodziejczyka\\\/#breadcrumb\",\"itemListElement\":[{\"@type\":\"ListItem\",\"position\":1,\"name\":\"Strona g\u0142\u00f3wna\",\"item\":\"https:\\\/\\\/przyjaciele-legionowa.pl\\\/\"},{\"@type\":\"ListItem\",\"position\":2,\"name\":\"Po\u017cegnanie prof. Arkadiusza Ko\u0142odziejczyka\"}]},{\"@type\":\"WebSite\",\"@id\":\"https:\\\/\\\/przyjaciele-legionowa.pl\\\/#website\",\"url\":\"https:\\\/\\\/przyjaciele-legionowa.pl\\\/\",\"name\":\"przyjaciele-legionowa.pl\",\"description\":\"Just another WordPress site\",\"publisher\":{\"@id\":\"https:\\\/\\\/przyjaciele-legionowa.pl\\\/#organization\"},\"potentialAction\":[{\"@type\":\"SearchAction\",\"target\":{\"@type\":\"EntryPoint\",\"urlTemplate\":\"https:\\\/\\\/przyjaciele-legionowa.pl\\\/?s={search_term_string}\"},\"query-input\":{\"@type\":\"PropertyValueSpecification\",\"valueRequired\":true,\"valueName\":\"search_term_string\"}}],\"inLanguage\":\"en-US\"},{\"@type\":\"Organization\",\"@id\":\"https:\\\/\\\/przyjaciele-legionowa.pl\\\/#organization\",\"name\":\"Towarzystwo Przyjaci\u00f3\u0142 Legionowa\",\"url\":\"https:\\\/\\\/przyjaciele-legionowa.pl\\\/\",\"logo\":{\"@type\":\"ImageObject\",\"inLanguage\":\"en-US\",\"@id\":\"https:\\\/\\\/przyjaciele-legionowa.pl\\\/#\\\/schema\\\/logo\\\/image\\\/\",\"url\":\"https:\\\/\\\/przyjaciele-legionowa.pl\\\/wp-content\\\/uploads\\\/2025\\\/01\\\/log-e1746416050678.jpg\",\"contentUrl\":\"https:\\\/\\\/przyjaciele-legionowa.pl\\\/wp-content\\\/uploads\\\/2025\\\/01\\\/log-e1746416050678.jpg\",\"width\":294,\"height\":430,\"caption\":\"Towarzystwo Przyjaci\u00f3\u0142 Legionowa\"},\"image\":{\"@id\":\"https:\\\/\\\/przyjaciele-legionowa.pl\\\/#\\\/schema\\\/logo\\\/image\\\/\"},\"sameAs\":[\"https:\\\/\\\/www.facebook.com\\\/profile.php?id=100067066425039&locale=pl_PL\"]},{\"@type\":\"Person\",\"@id\":\"https:\\\/\\\/przyjaciele-legionowa.pl\\\/#\\\/schema\\\/person\\\/84acfe8979ce9af1d357776361fc55fd\",\"name\":\"admin2820\",\"image\":{\"@type\":\"ImageObject\",\"inLanguage\":\"en-US\",\"@id\":\"https:\\\/\\\/secure.gravatar.com\\\/avatar\\\/5ee8db31b9e7df1b3f0e08ae6e282faa31a14e095dd3f7ae74e1cb8e0b8f407f?s=96&d=mm&r=g\",\"url\":\"https:\\\/\\\/secure.gravatar.com\\\/avatar\\\/5ee8db31b9e7df1b3f0e08ae6e282faa31a14e095dd3f7ae74e1cb8e0b8f407f?s=96&d=mm&r=g\",\"contentUrl\":\"https:\\\/\\\/secure.gravatar.com\\\/avatar\\\/5ee8db31b9e7df1b3f0e08ae6e282faa31a14e095dd3f7ae74e1cb8e0b8f407f?s=96&d=mm&r=g\",\"caption\":\"admin2820\"},\"sameAs\":[\"http:\\\/\\\/przyjaciele-legionowa.pl\"],\"url\":\"https:\\\/\\\/przyjaciele-legionowa.pl\\\/index.php\\\/author\\\/admin2820\\\/\"}]}<\/script>\n<!-- \/ Yoast SEO plugin. -->","yoast_head_json":{"title":"Po\u017cegnanie prof. Arkadiusza Ko\u0142odziejczyka - WordPress","robots":{"index":"index","follow":"follow","max-snippet":"max-snippet:-1","max-image-preview":"max-image-preview:large","max-video-preview":"max-video-preview:-1"},"canonical":"https:\/\/przyjaciele-legionowa.pl\/index.php\/2011\/02\/21\/pozegnanie-prof-arkadiusza-kolodziejczyka\/","og_locale":"en_US","og_type":"article","og_title":"Po\u017cegnanie prof. Arkadiusza Ko\u0142odziejczyka - WordPress","og_description":"Z \u017calem przyj\u0119li\u015bmy wiadomo\u015b\u0107, \u017ce w dniu 13 lutego 2011 r. niespodziewanie odszed\u0142 prof. dr hab. Arkadiusz Ko\u0142odziejczyk (1957 &#8211; 2011) wybitny regionalista, cz\u0142onek Towarzystwa Przyjaci\u00f3\u0142 Legionowa Redaktor Naczelny &#8220;Rocznika Legionowskiego&#8221; Wyrazy g\u0142\u0119bokiego wsp\u00f3\u0142czucia Rodzinie sk\u0142ada Zarz\u0105d i cz\u0142onkowie Towarzystwa Przyjaci\u00f3\u0142 Legionowa","og_url":"https:\/\/przyjaciele-legionowa.pl\/index.php\/2011\/02\/21\/pozegnanie-prof-arkadiusza-kolodziejczyka\/","og_site_name":"WordPress","article_publisher":"https:\/\/www.facebook.com\/profile.php?id=100067066425039&locale=pl_PL","article_published_time":"2011-02-21T21:24:37+00:00","author":"admin2820","twitter_card":"summary_large_image","twitter_misc":{"Written by":"admin2820"},"schema":{"@context":"https:\/\/schema.org","@graph":[{"@type":"Article","@id":"https:\/\/przyjaciele-legionowa.pl\/index.php\/2011\/02\/21\/pozegnanie-prof-arkadiusza-kolodziejczyka\/#article","isPartOf":{"@id":"https:\/\/przyjaciele-legionowa.pl\/index.php\/2011\/02\/21\/pozegnanie-prof-arkadiusza-kolodziejczyka\/"},"author":{"name":"admin2820","@id":"https:\/\/przyjaciele-legionowa.pl\/#\/schema\/person\/84acfe8979ce9af1d357776361fc55fd"},"headline":"Po\u017cegnanie prof. Arkadiusza Ko\u0142odziejczyka","datePublished":"2011-02-21T21:24:37+00:00","mainEntityOfPage":{"@id":"https:\/\/przyjaciele-legionowa.pl\/index.php\/2011\/02\/21\/pozegnanie-prof-arkadiusza-kolodziejczyka\/"},"wordCount":53,"commentCount":0,"publisher":{"@id":"https:\/\/przyjaciele-legionowa.pl\/#organization"},"articleSection":["Wydarzenia"],"inLanguage":"en-US","potentialAction":[{"@type":"CommentAction","name":"Comment","target":["https:\/\/przyjaciele-legionowa.pl\/index.php\/2011\/02\/21\/pozegnanie-prof-arkadiusza-kolodziejczyka\/#respond"]}]},{"@type":"WebPage","@id":"https:\/\/przyjaciele-legionowa.pl\/index.php\/2011\/02\/21\/pozegnanie-prof-arkadiusza-kolodziejczyka\/","url":"https:\/\/przyjaciele-legionowa.pl\/index.php\/2011\/02\/21\/pozegnanie-prof-arkadiusza-kolodziejczyka\/","name":"Po\u017cegnanie prof. Arkadiusza Ko\u0142odziejczyka - WordPress","isPartOf":{"@id":"https:\/\/przyjaciele-legionowa.pl\/#website"},"datePublished":"2011-02-21T21:24:37+00:00","breadcrumb":{"@id":"https:\/\/przyjaciele-legionowa.pl\/index.php\/2011\/02\/21\/pozegnanie-prof-arkadiusza-kolodziejczyka\/#breadcrumb"},"inLanguage":"en-US","potentialAction":[{"@type":"ReadAction","target":["https:\/\/przyjaciele-legionowa.pl\/index.php\/2011\/02\/21\/pozegnanie-prof-arkadiusza-kolodziejczyka\/"]}]},{"@type":"BreadcrumbList","@id":"https:\/\/przyjaciele-legionowa.pl\/index.php\/2011\/02\/21\/pozegnanie-prof-arkadiusza-kolodziejczyka\/#breadcrumb","itemListElement":[{"@type":"ListItem","position":1,"name":"Strona g\u0142\u00f3wna","item":"https:\/\/przyjaciele-legionowa.pl\/"},{"@type":"ListItem","position":2,"name":"Po\u017cegnanie prof. Arkadiusza Ko\u0142odziejczyka"}]},{"@type":"WebSite","@id":"https:\/\/przyjaciele-legionowa.pl\/#website","url":"https:\/\/przyjaciele-legionowa.pl\/","name":"przyjaciele-legionowa.pl","description":"Just another WordPress site","publisher":{"@id":"https:\/\/przyjaciele-legionowa.pl\/#organization"},"potentialAction":[{"@type":"SearchAction","target":{"@type":"EntryPoint","urlTemplate":"https:\/\/przyjaciele-legionowa.pl\/?s={search_term_string}"},"query-input":{"@type":"PropertyValueSpecification","valueRequired":true,"valueName":"search_term_string"}}],"inLanguage":"en-US"},{"@type":"Organization","@id":"https:\/\/przyjaciele-legionowa.pl\/#organization","name":"Towarzystwo Przyjaci\u00f3\u0142 Legionowa","url":"https:\/\/przyjaciele-legionowa.pl\/","logo":{"@type":"ImageObject","inLanguage":"en-US","@id":"https:\/\/przyjaciele-legionowa.pl\/#\/schema\/logo\/image\/","url":"https:\/\/przyjaciele-legionowa.pl\/wp-content\/uploads\/2025\/01\/log-e1746416050678.jpg","contentUrl":"https:\/\/przyjaciele-legionowa.pl\/wp-content\/uploads\/2025\/01\/log-e1746416050678.jpg","width":294,"height":430,"caption":"Towarzystwo Przyjaci\u00f3\u0142 Legionowa"},"image":{"@id":"https:\/\/przyjaciele-legionowa.pl\/#\/schema\/logo\/image\/"},"sameAs":["https:\/\/www.facebook.com\/profile.php?id=100067066425039&locale=pl_PL"]},{"@type":"Person","@id":"https:\/\/przyjaciele-legionowa.pl\/#\/schema\/person\/84acfe8979ce9af1d357776361fc55fd","name":"admin2820","image":{"@type":"ImageObject","inLanguage":"en-US","@id":"https:\/\/secure.gravatar.com\/avatar\/5ee8db31b9e7df1b3f0e08ae6e282faa31a14e095dd3f7ae74e1cb8e0b8f407f?s=96&d=mm&r=g","url":"https:\/\/secure.gravatar.com\/avatar\/5ee8db31b9e7df1b3f0e08ae6e282faa31a14e095dd3f7ae74e1cb8e0b8f407f?s=96&d=mm&r=g","contentUrl":"https:\/\/secure.gravatar.com\/avatar\/5ee8db31b9e7df1b3f0e08ae6e282faa31a14e095dd3f7ae74e1cb8e0b8f407f?s=96&d=mm&r=g","caption":"admin2820"},"sameAs":["http:\/\/przyjaciele-legionowa.pl"],"url":"https:\/\/przyjaciele-legionowa.pl\/index.php\/author\/admin2820\/"}]}},"_links":{"self":[{"href":"https:\/\/przyjaciele-legionowa.pl\/index.php\/wp-json\/wp\/v2\/posts\/584","targetHints":{"allow":["GET"]}}],"collection":[{"href":"https:\/\/przyjaciele-legionowa.pl\/index.php\/wp-json\/wp\/v2\/posts"}],"about":[{"href":"https:\/\/przyjaciele-legionowa.pl\/index.php\/wp-json\/wp\/v2\/types\/post"}],"author":[{"embeddable":true,"href":"https:\/\/przyjaciele-legionowa.pl\/index.php\/wp-json\/wp\/v2\/users\/1"}],"replies":[{"embeddable":true,"href":"https:\/\/przyjaciele-legionowa.pl\/index.php\/wp-json\/wp\/v2\/comments?post=584"}],"version-history":[{"count":0,"href":"https:\/\/przyjaciele-legionowa.pl\/index.php\/wp-json\/wp\/v2\/posts\/584\/revisions"}],"wp:attachment":[{"href":"https:\/\/przyjaciele-legionowa.pl\/index.php\/wp-json\/wp\/v2\/media?parent=584"}],"wp:term":[{"taxonomy":"category","embeddable":true,"href":"https:\/\/przyjaciele-legionowa.pl\/index.php\/wp-json\/wp\/v2\/categories?post=584"},{"taxonomy":"post_tag","embeddable":true,"href":"https:\/\/przyjaciele-legionowa.pl\/index.php\/wp-json\/wp\/v2\/tags?post=584"}],"curies":[{"name":"wp","href":"https:\/\/api.w.org\/{rel}","templated":true}]}}