{"id":3668,"date":"2016-03-28T02:30:52","date_gmt":"2016-03-28T08:30:52","guid":{"rendered":"http:\/\/www.przyjaciele-legionowa.org.pl\/?p=3668"},"modified":"2016-03-28T02:30:52","modified_gmt":"2016-03-28T08:30:52","slug":"prelekcja-prezesa-erazma-domanskiego","status":"publish","type":"post","link":"https:\/\/przyjaciele-legionowa.pl\/index.php\/2016\/03\/28\/prelekcja-prezesa-erazma-domanskiego\/","title":{"rendered":"Prelekcja Prezesa Erazma Doma\u0144skiego"},"content":{"rendered":"<p><span style=\"font-size: small;\"><strong>Zdziesi\u0105tkowany garnizon. Biogramy legionowskich ofiar Zbrodni Katy\u0144skiej.<\/strong><\/span><\/p>\n<p align=\"JUSTIFY\"><span style=\"font-size: small;\">W zwi\u0105zku z przypadaj\u0105cym 13 kwietnia Dniem Pami\u0119ci Ofiar Zbrodni Katy\u0144skiej <\/span><span style=\"font-size: small;\"><strong>Muzeum Historyczne w Legionowie \u2013 Filia Piaski oraz Towarzystwo Przyjaci\u00f3\u0142 Legionowa <\/strong><\/span><span style=\"font-size: small;\">organizuj\u0105 <\/span><span style=\"font-size: small;\"><strong>wyk\u0142ad historyczny<\/strong><\/span><span style=\"font-size: small;\"> po\u015bwi\u0119cony temu tematowi, kt\u00f3ry odb\u0119dzie si\u0119 w dniu<\/span><\/p>\n<p align=\"JUSTIFY\"><span style=\"font-size: small;\"><strong>3 kwietnia (niedziela) o godz. 15.00.<\/strong><\/span><\/p>\n<p align=\"JUSTIFY\"><span style=\"font-size: small;\">Problematyk\u0119 legionowskich ofiar zbrodni Katy\u0144skiej przedstawi Erazm Doma\u0144ski \u2013 Prezes Towarzystwa Przyjaci\u00f3\u0142 Legionowa.<\/span><\/p>\n<p align=\"JUSTIFY\"><span style=\"font-size: small;\">W czasie wyk\u0142adu historycznego i prezentacji multimedialnej zostan\u0105 przypomniane sylwetki 46 oficer\u00f3w i 3 policjant\u00f3w z legionowskiego garnizonu, kt\u00f3rzy dzi\u015b spoczywaj\u0105 na cmentarzach wojennych w Katyniu, Charkowie i Miednoje. Z analizy wiemy, \u017ce w 1940 r. na Wschodzie zgin\u0105\u0142 z legionowskiego garnizonu co dziesi\u0105ty oficer.<\/span><\/p>\n<p align=\"JUSTIFY\"><span style=\"font-size: small;\">Uczestnicy spotkania b\u0119d\u0105 mieli mo\u017cliwo\u015b\u0107 zapoznania si\u0119 ze zgromadzonymi materia\u0142ami historycznymi tematu pochodz\u0105cymi ze zbior\u00f3w Centralnego Archiwum Wojskowego, Muzeum Katy\u0144skiego, Muzeum Historycznego w Legionowie oraz od os\u00f3b prywatnych.<\/span><\/p>\n<p align=\"JUSTIFY\"><span style=\"font-size: small;\">Miedzy innymi zostan\u0105 zaprezentowane sylwetki oficer\u00f3w szczeg\u00f3lnie zwi\u0105zanych z naszym miastem: p\u0142k. Juliana Sielewicza \u2013 dow\u00f3dcy 2. Batalionu Balonowego i komendanta przedwojennego garnizonu, p\u0142k. Witolda Markiewicza, by\u0142ego dow\u00f3dcy 2. Batalionu Aeronautycznego, wsp\u00f3\u0142za\u0142o\u017cyciela Towarzystwa Mi\u0142o\u015bnik\u00f3w Osiedla Legionowo, pp\u0142k Zdzis\u0142awa Szulczewskiego &#8211; dow\u00f3dcy 1. Dywizjonu Poci\u0105g\u00f3w Pancernych, mjr. Ludwika Pie\u0144kowskiego \u2013 kwatermistrza 1. Dywizjonu Poci\u0105g\u00f3w Pancernych, pp\u0142k. Zygmunta Zieli\u0144skiego &#8211; dow\u00f3dcy Oddzia\u0142u Zapasowego 2. Batalionu Most\u00f3w Kolejowych, kpt. W\u0142odzimierza Lichacza &#8211; oficera 2. Batalionu Most\u00f3w Kolejowych, spo\u0142ecznika wsp\u00f3\u0142pracuj\u0105cego m in. ze szko\u0142a powszechn\u0105 nr 1. oraz aspiranta Policji Pa\u0144stwowej &#8211; Boles\u0142awa Ko\u0142akowskiego.<\/span><\/p>\n<p align=\"JUSTIFY\"><a href=\"http:\/\/www.przyjaciele-legionowa.org.pl\/wp-content\/uploads\/2016\/03\/Plakat-na-3.04.2016.jpg\"><img fetchpriority=\"high\" decoding=\"async\" class=\"alignleft size-medium wp-image-3669\" title=\"Plakat na 3.04.2016\" src=\"http:\/\/www.przyjaciele-legionowa.org.pl\/wp-content\/uploads\/2016\/03\/Plakat-na-3.04.2016-212x300.jpg\" alt=\"\" width=\"212\" height=\"300\" \/><\/a><\/p>\n","protected":false},"excerpt":{"rendered":"<p>Zdziesi\u0105tkowany garnizon. Biogramy legionowskich ofiar Zbrodni Katy\u0144skiej. W zwi\u0105zku z przypadaj\u0105cym 13 kwietnia Dniem Pami\u0119ci Ofiar Zbrodni Katy\u0144skiej Muzeum Historyczne w Legionowie \u2013 Filia Piaski oraz Towarzystwo Przyjaci\u00f3\u0142 Legionowa organizuj\u0105 wyk\u0142ad historyczny po\u015bwi\u0119cony temu tematowi, kt\u00f3ry odb\u0119dzie si\u0119 w dniu 3 kwietnia (niedziela) o godz. 15.00. Problematyk\u0119 legionowskich ofiar zbrodni Katy\u0144skiej przedstawi Erazm Doma\u0144ski \u2013 [&hellip;]<\/p>\n","protected":false},"author":1,"featured_media":0,"comment_status":"closed","ping_status":"closed","sticky":false,"template":"","format":"standard","meta":{"footnotes":""},"categories":[3,5],"tags":[],"class_list":["post-3668","post","type-post","status-publish","format-standard","hentry","category-muzeum","category-o_towarzystwie"],"yoast_head":"<!-- This site is optimized with the Yoast SEO plugin v27.5 - https:\/\/yoast.com\/product\/yoast-seo-wordpress\/ -->\n<title>Prelekcja Prezesa Erazma Doma\u0144skiego - WordPress<\/title>\n<meta name=\"robots\" content=\"index, follow, max-snippet:-1, max-image-preview:large, max-video-preview:-1\" \/>\n<link rel=\"canonical\" href=\"https:\/\/przyjaciele-legionowa.pl\/index.php\/2016\/03\/28\/prelekcja-prezesa-erazma-domanskiego\/\" \/>\n<meta property=\"og:locale\" content=\"en_US\" \/>\n<meta property=\"og:type\" content=\"article\" \/>\n<meta property=\"og:title\" content=\"Prelekcja Prezesa Erazma Doma\u0144skiego - WordPress\" \/>\n<meta property=\"og:description\" content=\"Zdziesi\u0105tkowany garnizon. Biogramy legionowskich ofiar Zbrodni Katy\u0144skiej. W zwi\u0105zku z przypadaj\u0105cym 13 kwietnia Dniem Pami\u0119ci Ofiar Zbrodni Katy\u0144skiej Muzeum Historyczne w Legionowie \u2013 Filia Piaski oraz Towarzystwo Przyjaci\u00f3\u0142 Legionowa organizuj\u0105 wyk\u0142ad historyczny po\u015bwi\u0119cony temu tematowi, kt\u00f3ry odb\u0119dzie si\u0119 w dniu 3 kwietnia (niedziela) o godz. 15.00. Problematyk\u0119 legionowskich ofiar zbrodni Katy\u0144skiej przedstawi Erazm Doma\u0144ski \u2013 [&hellip;]\" \/>\n<meta property=\"og:url\" content=\"https:\/\/przyjaciele-legionowa.pl\/index.php\/2016\/03\/28\/prelekcja-prezesa-erazma-domanskiego\/\" \/>\n<meta property=\"og:site_name\" content=\"WordPress\" \/>\n<meta property=\"article:publisher\" content=\"https:\/\/www.facebook.com\/profile.php?id=100067066425039&amp;locale=pl_PL\" \/>\n<meta property=\"article:published_time\" content=\"2016-03-28T08:30:52+00:00\" \/>\n<meta property=\"og:image\" content=\"https:\/\/przyjaciele-legionowa.pl\/wp-content\/uploads\/2016\/03\/Plakat-na-3.04.2016.jpg\" \/>\n\t<meta property=\"og:image:width\" content=\"1745\" \/>\n\t<meta property=\"og:image:height\" content=\"2463\" \/>\n\t<meta property=\"og:image:type\" content=\"image\/jpeg\" \/>\n<meta name=\"author\" content=\"admin2820\" \/>\n<meta name=\"twitter:card\" content=\"summary_large_image\" \/>\n<meta name=\"twitter:label1\" content=\"Written by\" \/>\n\t<meta name=\"twitter:data1\" content=\"admin2820\" \/>\n\t<meta name=\"twitter:label2\" content=\"Est. reading time\" \/>\n\t<meta name=\"twitter:data2\" content=\"1 minute\" \/>\n<script type=\"application\/ld+json\" class=\"yoast-schema-graph\">{\"@context\":\"https:\\\/\\\/schema.org\",\"@graph\":[{\"@type\":\"Article\",\"@id\":\"https:\\\/\\\/przyjaciele-legionowa.pl\\\/index.php\\\/2016\\\/03\\\/28\\\/prelekcja-prezesa-erazma-domanskiego\\\/#article\",\"isPartOf\":{\"@id\":\"https:\\\/\\\/przyjaciele-legionowa.pl\\\/index.php\\\/2016\\\/03\\\/28\\\/prelekcja-prezesa-erazma-domanskiego\\\/\"},\"author\":{\"name\":\"admin2820\",\"@id\":\"https:\\\/\\\/przyjaciele-legionowa.pl\\\/#\\\/schema\\\/person\\\/84acfe8979ce9af1d357776361fc55fd\"},\"headline\":\"Prelekcja Prezesa Erazma Doma\u0144skiego\",\"datePublished\":\"2016-03-28T08:30:52+00:00\",\"mainEntityOfPage\":{\"@id\":\"https:\\\/\\\/przyjaciele-legionowa.pl\\\/index.php\\\/2016\\\/03\\\/28\\\/prelekcja-prezesa-erazma-domanskiego\\\/\"},\"wordCount\":271,\"publisher\":{\"@id\":\"https:\\\/\\\/przyjaciele-legionowa.pl\\\/#organization\"},\"image\":{\"@id\":\"https:\\\/\\\/przyjaciele-legionowa.pl\\\/index.php\\\/2016\\\/03\\\/28\\\/prelekcja-prezesa-erazma-domanskiego\\\/#primaryimage\"},\"thumbnailUrl\":\"http:\\\/\\\/www.przyjaciele-legionowa.org.pl\\\/wp-content\\\/uploads\\\/2016\\\/03\\\/Plakat-na-3.04.2016-212x300.jpg\",\"articleSection\":[\"Muzeum\",\"O Towarzystwie\"],\"inLanguage\":\"en-US\"},{\"@type\":\"WebPage\",\"@id\":\"https:\\\/\\\/przyjaciele-legionowa.pl\\\/index.php\\\/2016\\\/03\\\/28\\\/prelekcja-prezesa-erazma-domanskiego\\\/\",\"url\":\"https:\\\/\\\/przyjaciele-legionowa.pl\\\/index.php\\\/2016\\\/03\\\/28\\\/prelekcja-prezesa-erazma-domanskiego\\\/\",\"name\":\"Prelekcja Prezesa Erazma Doma\u0144skiego - WordPress\",\"isPartOf\":{\"@id\":\"https:\\\/\\\/przyjaciele-legionowa.pl\\\/#website\"},\"primaryImageOfPage\":{\"@id\":\"https:\\\/\\\/przyjaciele-legionowa.pl\\\/index.php\\\/2016\\\/03\\\/28\\\/prelekcja-prezesa-erazma-domanskiego\\\/#primaryimage\"},\"image\":{\"@id\":\"https:\\\/\\\/przyjaciele-legionowa.pl\\\/index.php\\\/2016\\\/03\\\/28\\\/prelekcja-prezesa-erazma-domanskiego\\\/#primaryimage\"},\"thumbnailUrl\":\"http:\\\/\\\/www.przyjaciele-legionowa.org.pl\\\/wp-content\\\/uploads\\\/2016\\\/03\\\/Plakat-na-3.04.2016-212x300.jpg\",\"datePublished\":\"2016-03-28T08:30:52+00:00\",\"breadcrumb\":{\"@id\":\"https:\\\/\\\/przyjaciele-legionowa.pl\\\/index.php\\\/2016\\\/03\\\/28\\\/prelekcja-prezesa-erazma-domanskiego\\\/#breadcrumb\"},\"inLanguage\":\"en-US\",\"potentialAction\":[{\"@type\":\"ReadAction\",\"target\":[\"https:\\\/\\\/przyjaciele-legionowa.pl\\\/index.php\\\/2016\\\/03\\\/28\\\/prelekcja-prezesa-erazma-domanskiego\\\/\"]}]},{\"@type\":\"ImageObject\",\"inLanguage\":\"en-US\",\"@id\":\"https:\\\/\\\/przyjaciele-legionowa.pl\\\/index.php\\\/2016\\\/03\\\/28\\\/prelekcja-prezesa-erazma-domanskiego\\\/#primaryimage\",\"url\":\"http:\\\/\\\/www.przyjaciele-legionowa.org.pl\\\/wp-content\\\/uploads\\\/2016\\\/03\\\/Plakat-na-3.04.2016-212x300.jpg\",\"contentUrl\":\"http:\\\/\\\/www.przyjaciele-legionowa.org.pl\\\/wp-content\\\/uploads\\\/2016\\\/03\\\/Plakat-na-3.04.2016-212x300.jpg\"},{\"@type\":\"BreadcrumbList\",\"@id\":\"https:\\\/\\\/przyjaciele-legionowa.pl\\\/index.php\\\/2016\\\/03\\\/28\\\/prelekcja-prezesa-erazma-domanskiego\\\/#breadcrumb\",\"itemListElement\":[{\"@type\":\"ListItem\",\"position\":1,\"name\":\"Strona g\u0142\u00f3wna\",\"item\":\"https:\\\/\\\/przyjaciele-legionowa.pl\\\/\"},{\"@type\":\"ListItem\",\"position\":2,\"name\":\"Prelekcja Prezesa Erazma Doma\u0144skiego\"}]},{\"@type\":\"WebSite\",\"@id\":\"https:\\\/\\\/przyjaciele-legionowa.pl\\\/#website\",\"url\":\"https:\\\/\\\/przyjaciele-legionowa.pl\\\/\",\"name\":\"przyjaciele-legionowa.pl\",\"description\":\"Just another WordPress site\",\"publisher\":{\"@id\":\"https:\\\/\\\/przyjaciele-legionowa.pl\\\/#organization\"},\"potentialAction\":[{\"@type\":\"SearchAction\",\"target\":{\"@type\":\"EntryPoint\",\"urlTemplate\":\"https:\\\/\\\/przyjaciele-legionowa.pl\\\/?s={search_term_string}\"},\"query-input\":{\"@type\":\"PropertyValueSpecification\",\"valueRequired\":true,\"valueName\":\"search_term_string\"}}],\"inLanguage\":\"en-US\"},{\"@type\":\"Organization\",\"@id\":\"https:\\\/\\\/przyjaciele-legionowa.pl\\\/#organization\",\"name\":\"Towarzystwo Przyjaci\u00f3\u0142 Legionowa\",\"url\":\"https:\\\/\\\/przyjaciele-legionowa.pl\\\/\",\"logo\":{\"@type\":\"ImageObject\",\"inLanguage\":\"en-US\",\"@id\":\"https:\\\/\\\/przyjaciele-legionowa.pl\\\/#\\\/schema\\\/logo\\\/image\\\/\",\"url\":\"https:\\\/\\\/przyjaciele-legionowa.pl\\\/wp-content\\\/uploads\\\/2025\\\/01\\\/log-e1746416050678.jpg\",\"contentUrl\":\"https:\\\/\\\/przyjaciele-legionowa.pl\\\/wp-content\\\/uploads\\\/2025\\\/01\\\/log-e1746416050678.jpg\",\"width\":294,\"height\":430,\"caption\":\"Towarzystwo Przyjaci\u00f3\u0142 Legionowa\"},\"image\":{\"@id\":\"https:\\\/\\\/przyjaciele-legionowa.pl\\\/#\\\/schema\\\/logo\\\/image\\\/\"},\"sameAs\":[\"https:\\\/\\\/www.facebook.com\\\/profile.php?id=100067066425039&locale=pl_PL\"]},{\"@type\":\"Person\",\"@id\":\"https:\\\/\\\/przyjaciele-legionowa.pl\\\/#\\\/schema\\\/person\\\/84acfe8979ce9af1d357776361fc55fd\",\"name\":\"admin2820\",\"image\":{\"@type\":\"ImageObject\",\"inLanguage\":\"en-US\",\"@id\":\"https:\\\/\\\/secure.gravatar.com\\\/avatar\\\/5ee8db31b9e7df1b3f0e08ae6e282faa31a14e095dd3f7ae74e1cb8e0b8f407f?s=96&d=mm&r=g\",\"url\":\"https:\\\/\\\/secure.gravatar.com\\\/avatar\\\/5ee8db31b9e7df1b3f0e08ae6e282faa31a14e095dd3f7ae74e1cb8e0b8f407f?s=96&d=mm&r=g\",\"contentUrl\":\"https:\\\/\\\/secure.gravatar.com\\\/avatar\\\/5ee8db31b9e7df1b3f0e08ae6e282faa31a14e095dd3f7ae74e1cb8e0b8f407f?s=96&d=mm&r=g\",\"caption\":\"admin2820\"},\"sameAs\":[\"http:\\\/\\\/przyjaciele-legionowa.pl\"],\"url\":\"https:\\\/\\\/przyjaciele-legionowa.pl\\\/index.php\\\/author\\\/admin2820\\\/\"}]}<\/script>\n<!-- \/ Yoast SEO plugin. -->","yoast_head_json":{"title":"Prelekcja Prezesa Erazma Doma\u0144skiego - WordPress","robots":{"index":"index","follow":"follow","max-snippet":"max-snippet:-1","max-image-preview":"max-image-preview:large","max-video-preview":"max-video-preview:-1"},"canonical":"https:\/\/przyjaciele-legionowa.pl\/index.php\/2016\/03\/28\/prelekcja-prezesa-erazma-domanskiego\/","og_locale":"en_US","og_type":"article","og_title":"Prelekcja Prezesa Erazma Doma\u0144skiego - WordPress","og_description":"Zdziesi\u0105tkowany garnizon. Biogramy legionowskich ofiar Zbrodni Katy\u0144skiej. W zwi\u0105zku z przypadaj\u0105cym 13 kwietnia Dniem Pami\u0119ci Ofiar Zbrodni Katy\u0144skiej Muzeum Historyczne w Legionowie \u2013 Filia Piaski oraz Towarzystwo Przyjaci\u00f3\u0142 Legionowa organizuj\u0105 wyk\u0142ad historyczny po\u015bwi\u0119cony temu tematowi, kt\u00f3ry odb\u0119dzie si\u0119 w dniu 3 kwietnia (niedziela) o godz. 15.00. Problematyk\u0119 legionowskich ofiar zbrodni Katy\u0144skiej przedstawi Erazm Doma\u0144ski \u2013 [&hellip;]","og_url":"https:\/\/przyjaciele-legionowa.pl\/index.php\/2016\/03\/28\/prelekcja-prezesa-erazma-domanskiego\/","og_site_name":"WordPress","article_publisher":"https:\/\/www.facebook.com\/profile.php?id=100067066425039&locale=pl_PL","article_published_time":"2016-03-28T08:30:52+00:00","og_image":[{"width":1745,"height":2463,"url":"https:\/\/przyjaciele-legionowa.pl\/wp-content\/uploads\/2016\/03\/Plakat-na-3.04.2016.jpg","type":"image\/jpeg"}],"author":"admin2820","twitter_card":"summary_large_image","twitter_misc":{"Written by":"admin2820","Est. reading time":"1 minute"},"schema":{"@context":"https:\/\/schema.org","@graph":[{"@type":"Article","@id":"https:\/\/przyjaciele-legionowa.pl\/index.php\/2016\/03\/28\/prelekcja-prezesa-erazma-domanskiego\/#article","isPartOf":{"@id":"https:\/\/przyjaciele-legionowa.pl\/index.php\/2016\/03\/28\/prelekcja-prezesa-erazma-domanskiego\/"},"author":{"name":"admin2820","@id":"https:\/\/przyjaciele-legionowa.pl\/#\/schema\/person\/84acfe8979ce9af1d357776361fc55fd"},"headline":"Prelekcja Prezesa Erazma Doma\u0144skiego","datePublished":"2016-03-28T08:30:52+00:00","mainEntityOfPage":{"@id":"https:\/\/przyjaciele-legionowa.pl\/index.php\/2016\/03\/28\/prelekcja-prezesa-erazma-domanskiego\/"},"wordCount":271,"publisher":{"@id":"https:\/\/przyjaciele-legionowa.pl\/#organization"},"image":{"@id":"https:\/\/przyjaciele-legionowa.pl\/index.php\/2016\/03\/28\/prelekcja-prezesa-erazma-domanskiego\/#primaryimage"},"thumbnailUrl":"http:\/\/www.przyjaciele-legionowa.org.pl\/wp-content\/uploads\/2016\/03\/Plakat-na-3.04.2016-212x300.jpg","articleSection":["Muzeum","O Towarzystwie"],"inLanguage":"en-US"},{"@type":"WebPage","@id":"https:\/\/przyjaciele-legionowa.pl\/index.php\/2016\/03\/28\/prelekcja-prezesa-erazma-domanskiego\/","url":"https:\/\/przyjaciele-legionowa.pl\/index.php\/2016\/03\/28\/prelekcja-prezesa-erazma-domanskiego\/","name":"Prelekcja Prezesa Erazma Doma\u0144skiego - WordPress","isPartOf":{"@id":"https:\/\/przyjaciele-legionowa.pl\/#website"},"primaryImageOfPage":{"@id":"https:\/\/przyjaciele-legionowa.pl\/index.php\/2016\/03\/28\/prelekcja-prezesa-erazma-domanskiego\/#primaryimage"},"image":{"@id":"https:\/\/przyjaciele-legionowa.pl\/index.php\/2016\/03\/28\/prelekcja-prezesa-erazma-domanskiego\/#primaryimage"},"thumbnailUrl":"http:\/\/www.przyjaciele-legionowa.org.pl\/wp-content\/uploads\/2016\/03\/Plakat-na-3.04.2016-212x300.jpg","datePublished":"2016-03-28T08:30:52+00:00","breadcrumb":{"@id":"https:\/\/przyjaciele-legionowa.pl\/index.php\/2016\/03\/28\/prelekcja-prezesa-erazma-domanskiego\/#breadcrumb"},"inLanguage":"en-US","potentialAction":[{"@type":"ReadAction","target":["https:\/\/przyjaciele-legionowa.pl\/index.php\/2016\/03\/28\/prelekcja-prezesa-erazma-domanskiego\/"]}]},{"@type":"ImageObject","inLanguage":"en-US","@id":"https:\/\/przyjaciele-legionowa.pl\/index.php\/2016\/03\/28\/prelekcja-prezesa-erazma-domanskiego\/#primaryimage","url":"http:\/\/www.przyjaciele-legionowa.org.pl\/wp-content\/uploads\/2016\/03\/Plakat-na-3.04.2016-212x300.jpg","contentUrl":"http:\/\/www.przyjaciele-legionowa.org.pl\/wp-content\/uploads\/2016\/03\/Plakat-na-3.04.2016-212x300.jpg"},{"@type":"BreadcrumbList","@id":"https:\/\/przyjaciele-legionowa.pl\/index.php\/2016\/03\/28\/prelekcja-prezesa-erazma-domanskiego\/#breadcrumb","itemListElement":[{"@type":"ListItem","position":1,"name":"Strona g\u0142\u00f3wna","item":"https:\/\/przyjaciele-legionowa.pl\/"},{"@type":"ListItem","position":2,"name":"Prelekcja Prezesa Erazma Doma\u0144skiego"}]},{"@type":"WebSite","@id":"https:\/\/przyjaciele-legionowa.pl\/#website","url":"https:\/\/przyjaciele-legionowa.pl\/","name":"przyjaciele-legionowa.pl","description":"Just another WordPress site","publisher":{"@id":"https:\/\/przyjaciele-legionowa.pl\/#organization"},"potentialAction":[{"@type":"SearchAction","target":{"@type":"EntryPoint","urlTemplate":"https:\/\/przyjaciele-legionowa.pl\/?s={search_term_string}"},"query-input":{"@type":"PropertyValueSpecification","valueRequired":true,"valueName":"search_term_string"}}],"inLanguage":"en-US"},{"@type":"Organization","@id":"https:\/\/przyjaciele-legionowa.pl\/#organization","name":"Towarzystwo Przyjaci\u00f3\u0142 Legionowa","url":"https:\/\/przyjaciele-legionowa.pl\/","logo":{"@type":"ImageObject","inLanguage":"en-US","@id":"https:\/\/przyjaciele-legionowa.pl\/#\/schema\/logo\/image\/","url":"https:\/\/przyjaciele-legionowa.pl\/wp-content\/uploads\/2025\/01\/log-e1746416050678.jpg","contentUrl":"https:\/\/przyjaciele-legionowa.pl\/wp-content\/uploads\/2025\/01\/log-e1746416050678.jpg","width":294,"height":430,"caption":"Towarzystwo Przyjaci\u00f3\u0142 Legionowa"},"image":{"@id":"https:\/\/przyjaciele-legionowa.pl\/#\/schema\/logo\/image\/"},"sameAs":["https:\/\/www.facebook.com\/profile.php?id=100067066425039&locale=pl_PL"]},{"@type":"Person","@id":"https:\/\/przyjaciele-legionowa.pl\/#\/schema\/person\/84acfe8979ce9af1d357776361fc55fd","name":"admin2820","image":{"@type":"ImageObject","inLanguage":"en-US","@id":"https:\/\/secure.gravatar.com\/avatar\/5ee8db31b9e7df1b3f0e08ae6e282faa31a14e095dd3f7ae74e1cb8e0b8f407f?s=96&d=mm&r=g","url":"https:\/\/secure.gravatar.com\/avatar\/5ee8db31b9e7df1b3f0e08ae6e282faa31a14e095dd3f7ae74e1cb8e0b8f407f?s=96&d=mm&r=g","contentUrl":"https:\/\/secure.gravatar.com\/avatar\/5ee8db31b9e7df1b3f0e08ae6e282faa31a14e095dd3f7ae74e1cb8e0b8f407f?s=96&d=mm&r=g","caption":"admin2820"},"sameAs":["http:\/\/przyjaciele-legionowa.pl"],"url":"https:\/\/przyjaciele-legionowa.pl\/index.php\/author\/admin2820\/"}]}},"_links":{"self":[{"href":"https:\/\/przyjaciele-legionowa.pl\/index.php\/wp-json\/wp\/v2\/posts\/3668","targetHints":{"allow":["GET"]}}],"collection":[{"href":"https:\/\/przyjaciele-legionowa.pl\/index.php\/wp-json\/wp\/v2\/posts"}],"about":[{"href":"https:\/\/przyjaciele-legionowa.pl\/index.php\/wp-json\/wp\/v2\/types\/post"}],"author":[{"embeddable":true,"href":"https:\/\/przyjaciele-legionowa.pl\/index.php\/wp-json\/wp\/v2\/users\/1"}],"replies":[{"embeddable":true,"href":"https:\/\/przyjaciele-legionowa.pl\/index.php\/wp-json\/wp\/v2\/comments?post=3668"}],"version-history":[{"count":0,"href":"https:\/\/przyjaciele-legionowa.pl\/index.php\/wp-json\/wp\/v2\/posts\/3668\/revisions"}],"wp:attachment":[{"href":"https:\/\/przyjaciele-legionowa.pl\/index.php\/wp-json\/wp\/v2\/media?parent=3668"}],"wp:term":[{"taxonomy":"category","embeddable":true,"href":"https:\/\/przyjaciele-legionowa.pl\/index.php\/wp-json\/wp\/v2\/categories?post=3668"},{"taxonomy":"post_tag","embeddable":true,"href":"https:\/\/przyjaciele-legionowa.pl\/index.php\/wp-json\/wp\/v2\/tags?post=3668"}],"curies":[{"name":"wp","href":"https:\/\/api.w.org\/{rel}","templated":true}]}}