{"id":3201,"date":"2015-08-04T12:19:07","date_gmt":"2015-08-04T18:19:07","guid":{"rendered":"http:\/\/www.przyjaciele-legionowa.org.pl\/?p=3201"},"modified":"2015-08-04T12:19:07","modified_gmt":"2015-08-04T18:19:07","slug":"patriotyczny-rajd-rowerowy-tpl-odwolany","status":"publish","type":"post","link":"https:\/\/przyjaciele-legionowa.pl\/index.php\/2015\/08\/04\/patriotyczny-rajd-rowerowy-tpl-odwolany\/","title":{"rendered":"Patriotyczny Rajd Rowerowy TPL &#8211; ODWO\u0141ANY"},"content":{"rendered":"<p>Z przykro\u015bci\u0105 informuj\u0119, \u017ce planowany na 15 sierpnia 2015 r. Rajd Rowerowy<\/p>\n<p align=\"JUSTIFY\">Towarzystwa Przyjaci\u00f3\u0142 Legionowa,<strong>\u201e<\/strong>Szlakiem10. Dywizji Piechoty gen. dyw. Lucjana \u017beligowskiego w sierpniu 1920 r\u2019\u2019<\/p>\n<p align=\"JUSTIFY\"><strong>ze wzgl\u0119d\u00f3w organizacyjnych oraz z uwagi na panuj\u0105ce upa\u0142y zostaje odwo\u0142any.<\/strong><\/p>\n<p align=\"JUSTIFY\">\u00a0Bardzo przepraszamy za zawiedzione nadzieje.<\/p>\n<p align=\"JUSTIFY\">\u00a0Przedsi\u0119wzi\u0119cie postaramy si\u0119 przeprowadzi\u0107 w przysz\u0142ym roku.<\/p>\n<p align=\"JUSTIFY\">\u00a0Z powa\u017caniem<\/p>\n<p align=\"JUSTIFY\">Prezes Towarzystwa Przyjaci\u00f3\u0142 Legionowa<\/p>\n<p align=\"JUSTIFY\">Erazm Doma\u0144ski<\/p>\n","protected":false},"excerpt":{"rendered":"<p>Z przykro\u015bci\u0105 informuj\u0119, \u017ce planowany na 15 sierpnia 2015 r. Rajd Rowerowy Towarzystwa Przyjaci\u00f3\u0142 Legionowa,\u201eSzlakiem10. Dywizji Piechoty gen. dyw. Lucjana \u017beligowskiego w sierpniu 1920 r\u2019\u2019 ze wzgl\u0119d\u00f3w organizacyjnych oraz z uwagi na panuj\u0105ce upa\u0142y zostaje odwo\u0142any. \u00a0Bardzo przepraszamy za zawiedzione nadzieje. \u00a0Przedsi\u0119wzi\u0119cie postaramy si\u0119 przeprowadzi\u0107 w przysz\u0142ym roku. \u00a0Z powa\u017caniem Prezes Towarzystwa Przyjaci\u00f3\u0142 Legionowa Erazm [&hellip;]<\/p>\n","protected":false},"author":1,"featured_media":0,"comment_status":"closed","ping_status":"closed","sticky":false,"template":"","format":"standard","meta":{"footnotes":""},"categories":[2,5],"tags":[],"class_list":["post-3201","post","type-post","status-publish","format-standard","hentry","category-legionowo","category-o_towarzystwie"],"yoast_head":"<!-- This site is optimized with the Yoast SEO plugin v27.5 - https:\/\/yoast.com\/product\/yoast-seo-wordpress\/ -->\n<title>Patriotyczny Rajd Rowerowy TPL - ODWO\u0141ANY - WordPress<\/title>\n<meta name=\"robots\" content=\"index, follow, max-snippet:-1, max-image-preview:large, max-video-preview:-1\" \/>\n<link rel=\"canonical\" href=\"https:\/\/przyjaciele-legionowa.pl\/index.php\/2015\/08\/04\/patriotyczny-rajd-rowerowy-tpl-odwolany\/\" \/>\n<meta property=\"og:locale\" content=\"en_US\" \/>\n<meta property=\"og:type\" content=\"article\" \/>\n<meta property=\"og:title\" content=\"Patriotyczny Rajd Rowerowy TPL - ODWO\u0141ANY - WordPress\" \/>\n<meta property=\"og:description\" content=\"Z przykro\u015bci\u0105 informuj\u0119, \u017ce planowany na 15 sierpnia 2015 r. Rajd Rowerowy Towarzystwa Przyjaci\u00f3\u0142 Legionowa,\u201eSzlakiem10. Dywizji Piechoty gen. dyw. Lucjana \u017beligowskiego w sierpniu 1920 r\u2019\u2019 ze wzgl\u0119d\u00f3w organizacyjnych oraz z uwagi na panuj\u0105ce upa\u0142y zostaje odwo\u0142any. \u00a0Bardzo przepraszamy za zawiedzione nadzieje. \u00a0Przedsi\u0119wzi\u0119cie postaramy si\u0119 przeprowadzi\u0107 w przysz\u0142ym roku. \u00a0Z powa\u017caniem Prezes Towarzystwa Przyjaci\u00f3\u0142 Legionowa Erazm [&hellip;]\" \/>\n<meta property=\"og:url\" content=\"https:\/\/przyjaciele-legionowa.pl\/index.php\/2015\/08\/04\/patriotyczny-rajd-rowerowy-tpl-odwolany\/\" \/>\n<meta property=\"og:site_name\" content=\"WordPress\" \/>\n<meta property=\"article:publisher\" content=\"https:\/\/www.facebook.com\/profile.php?id=100067066425039&amp;locale=pl_PL\" \/>\n<meta property=\"article:published_time\" content=\"2015-08-04T18:19:07+00:00\" \/>\n<meta name=\"author\" content=\"admin2820\" \/>\n<meta name=\"twitter:card\" content=\"summary_large_image\" \/>\n<meta name=\"twitter:label1\" content=\"Written by\" \/>\n\t<meta name=\"twitter:data1\" content=\"admin2820\" \/>\n<script type=\"application\/ld+json\" class=\"yoast-schema-graph\">{\"@context\":\"https:\\\/\\\/schema.org\",\"@graph\":[{\"@type\":\"Article\",\"@id\":\"https:\\\/\\\/przyjaciele-legionowa.pl\\\/index.php\\\/2015\\\/08\\\/04\\\/patriotyczny-rajd-rowerowy-tpl-odwolany\\\/#article\",\"isPartOf\":{\"@id\":\"https:\\\/\\\/przyjaciele-legionowa.pl\\\/index.php\\\/2015\\\/08\\\/04\\\/patriotyczny-rajd-rowerowy-tpl-odwolany\\\/\"},\"author\":{\"name\":\"admin2820\",\"@id\":\"https:\\\/\\\/przyjaciele-legionowa.pl\\\/#\\\/schema\\\/person\\\/84acfe8979ce9af1d357776361fc55fd\"},\"headline\":\"Patriotyczny Rajd Rowerowy TPL &#8211; ODWO\u0141ANY\",\"datePublished\":\"2015-08-04T18:19:07+00:00\",\"mainEntityOfPage\":{\"@id\":\"https:\\\/\\\/przyjaciele-legionowa.pl\\\/index.php\\\/2015\\\/08\\\/04\\\/patriotyczny-rajd-rowerowy-tpl-odwolany\\\/\"},\"wordCount\":72,\"publisher\":{\"@id\":\"https:\\\/\\\/przyjaciele-legionowa.pl\\\/#organization\"},\"articleSection\":[\"Legionowo\",\"O Towarzystwie\"],\"inLanguage\":\"en-US\"},{\"@type\":\"WebPage\",\"@id\":\"https:\\\/\\\/przyjaciele-legionowa.pl\\\/index.php\\\/2015\\\/08\\\/04\\\/patriotyczny-rajd-rowerowy-tpl-odwolany\\\/\",\"url\":\"https:\\\/\\\/przyjaciele-legionowa.pl\\\/index.php\\\/2015\\\/08\\\/04\\\/patriotyczny-rajd-rowerowy-tpl-odwolany\\\/\",\"name\":\"Patriotyczny Rajd Rowerowy TPL - ODWO\u0141ANY - WordPress\",\"isPartOf\":{\"@id\":\"https:\\\/\\\/przyjaciele-legionowa.pl\\\/#website\"},\"datePublished\":\"2015-08-04T18:19:07+00:00\",\"breadcrumb\":{\"@id\":\"https:\\\/\\\/przyjaciele-legionowa.pl\\\/index.php\\\/2015\\\/08\\\/04\\\/patriotyczny-rajd-rowerowy-tpl-odwolany\\\/#breadcrumb\"},\"inLanguage\":\"en-US\",\"potentialAction\":[{\"@type\":\"ReadAction\",\"target\":[\"https:\\\/\\\/przyjaciele-legionowa.pl\\\/index.php\\\/2015\\\/08\\\/04\\\/patriotyczny-rajd-rowerowy-tpl-odwolany\\\/\"]}]},{\"@type\":\"BreadcrumbList\",\"@id\":\"https:\\\/\\\/przyjaciele-legionowa.pl\\\/index.php\\\/2015\\\/08\\\/04\\\/patriotyczny-rajd-rowerowy-tpl-odwolany\\\/#breadcrumb\",\"itemListElement\":[{\"@type\":\"ListItem\",\"position\":1,\"name\":\"Strona g\u0142\u00f3wna\",\"item\":\"https:\\\/\\\/przyjaciele-legionowa.pl\\\/\"},{\"@type\":\"ListItem\",\"position\":2,\"name\":\"Patriotyczny Rajd Rowerowy TPL &#8211; ODWO\u0141ANY\"}]},{\"@type\":\"WebSite\",\"@id\":\"https:\\\/\\\/przyjaciele-legionowa.pl\\\/#website\",\"url\":\"https:\\\/\\\/przyjaciele-legionowa.pl\\\/\",\"name\":\"przyjaciele-legionowa.pl\",\"description\":\"Just another WordPress site\",\"publisher\":{\"@id\":\"https:\\\/\\\/przyjaciele-legionowa.pl\\\/#organization\"},\"potentialAction\":[{\"@type\":\"SearchAction\",\"target\":{\"@type\":\"EntryPoint\",\"urlTemplate\":\"https:\\\/\\\/przyjaciele-legionowa.pl\\\/?s={search_term_string}\"},\"query-input\":{\"@type\":\"PropertyValueSpecification\",\"valueRequired\":true,\"valueName\":\"search_term_string\"}}],\"inLanguage\":\"en-US\"},{\"@type\":\"Organization\",\"@id\":\"https:\\\/\\\/przyjaciele-legionowa.pl\\\/#organization\",\"name\":\"Towarzystwo Przyjaci\u00f3\u0142 Legionowa\",\"url\":\"https:\\\/\\\/przyjaciele-legionowa.pl\\\/\",\"logo\":{\"@type\":\"ImageObject\",\"inLanguage\":\"en-US\",\"@id\":\"https:\\\/\\\/przyjaciele-legionowa.pl\\\/#\\\/schema\\\/logo\\\/image\\\/\",\"url\":\"https:\\\/\\\/przyjaciele-legionowa.pl\\\/wp-content\\\/uploads\\\/2025\\\/01\\\/log-e1746416050678.jpg\",\"contentUrl\":\"https:\\\/\\\/przyjaciele-legionowa.pl\\\/wp-content\\\/uploads\\\/2025\\\/01\\\/log-e1746416050678.jpg\",\"width\":294,\"height\":430,\"caption\":\"Towarzystwo Przyjaci\u00f3\u0142 Legionowa\"},\"image\":{\"@id\":\"https:\\\/\\\/przyjaciele-legionowa.pl\\\/#\\\/schema\\\/logo\\\/image\\\/\"},\"sameAs\":[\"https:\\\/\\\/www.facebook.com\\\/profile.php?id=100067066425039&locale=pl_PL\"]},{\"@type\":\"Person\",\"@id\":\"https:\\\/\\\/przyjaciele-legionowa.pl\\\/#\\\/schema\\\/person\\\/84acfe8979ce9af1d357776361fc55fd\",\"name\":\"admin2820\",\"image\":{\"@type\":\"ImageObject\",\"inLanguage\":\"en-US\",\"@id\":\"https:\\\/\\\/secure.gravatar.com\\\/avatar\\\/5ee8db31b9e7df1b3f0e08ae6e282faa31a14e095dd3f7ae74e1cb8e0b8f407f?s=96&d=mm&r=g\",\"url\":\"https:\\\/\\\/secure.gravatar.com\\\/avatar\\\/5ee8db31b9e7df1b3f0e08ae6e282faa31a14e095dd3f7ae74e1cb8e0b8f407f?s=96&d=mm&r=g\",\"contentUrl\":\"https:\\\/\\\/secure.gravatar.com\\\/avatar\\\/5ee8db31b9e7df1b3f0e08ae6e282faa31a14e095dd3f7ae74e1cb8e0b8f407f?s=96&d=mm&r=g\",\"caption\":\"admin2820\"},\"sameAs\":[\"http:\\\/\\\/przyjaciele-legionowa.pl\"],\"url\":\"https:\\\/\\\/przyjaciele-legionowa.pl\\\/index.php\\\/author\\\/admin2820\\\/\"}]}<\/script>\n<!-- \/ Yoast SEO plugin. -->","yoast_head_json":{"title":"Patriotyczny Rajd Rowerowy TPL - ODWO\u0141ANY - WordPress","robots":{"index":"index","follow":"follow","max-snippet":"max-snippet:-1","max-image-preview":"max-image-preview:large","max-video-preview":"max-video-preview:-1"},"canonical":"https:\/\/przyjaciele-legionowa.pl\/index.php\/2015\/08\/04\/patriotyczny-rajd-rowerowy-tpl-odwolany\/","og_locale":"en_US","og_type":"article","og_title":"Patriotyczny Rajd Rowerowy TPL - ODWO\u0141ANY - WordPress","og_description":"Z przykro\u015bci\u0105 informuj\u0119, \u017ce planowany na 15 sierpnia 2015 r. Rajd Rowerowy Towarzystwa Przyjaci\u00f3\u0142 Legionowa,\u201eSzlakiem10. Dywizji Piechoty gen. dyw. Lucjana \u017beligowskiego w sierpniu 1920 r\u2019\u2019 ze wzgl\u0119d\u00f3w organizacyjnych oraz z uwagi na panuj\u0105ce upa\u0142y zostaje odwo\u0142any. \u00a0Bardzo przepraszamy za zawiedzione nadzieje. \u00a0Przedsi\u0119wzi\u0119cie postaramy si\u0119 przeprowadzi\u0107 w przysz\u0142ym roku. \u00a0Z powa\u017caniem Prezes Towarzystwa Przyjaci\u00f3\u0142 Legionowa Erazm [&hellip;]","og_url":"https:\/\/przyjaciele-legionowa.pl\/index.php\/2015\/08\/04\/patriotyczny-rajd-rowerowy-tpl-odwolany\/","og_site_name":"WordPress","article_publisher":"https:\/\/www.facebook.com\/profile.php?id=100067066425039&locale=pl_PL","article_published_time":"2015-08-04T18:19:07+00:00","author":"admin2820","twitter_card":"summary_large_image","twitter_misc":{"Written by":"admin2820"},"schema":{"@context":"https:\/\/schema.org","@graph":[{"@type":"Article","@id":"https:\/\/przyjaciele-legionowa.pl\/index.php\/2015\/08\/04\/patriotyczny-rajd-rowerowy-tpl-odwolany\/#article","isPartOf":{"@id":"https:\/\/przyjaciele-legionowa.pl\/index.php\/2015\/08\/04\/patriotyczny-rajd-rowerowy-tpl-odwolany\/"},"author":{"name":"admin2820","@id":"https:\/\/przyjaciele-legionowa.pl\/#\/schema\/person\/84acfe8979ce9af1d357776361fc55fd"},"headline":"Patriotyczny Rajd Rowerowy TPL &#8211; ODWO\u0141ANY","datePublished":"2015-08-04T18:19:07+00:00","mainEntityOfPage":{"@id":"https:\/\/przyjaciele-legionowa.pl\/index.php\/2015\/08\/04\/patriotyczny-rajd-rowerowy-tpl-odwolany\/"},"wordCount":72,"publisher":{"@id":"https:\/\/przyjaciele-legionowa.pl\/#organization"},"articleSection":["Legionowo","O Towarzystwie"],"inLanguage":"en-US"},{"@type":"WebPage","@id":"https:\/\/przyjaciele-legionowa.pl\/index.php\/2015\/08\/04\/patriotyczny-rajd-rowerowy-tpl-odwolany\/","url":"https:\/\/przyjaciele-legionowa.pl\/index.php\/2015\/08\/04\/patriotyczny-rajd-rowerowy-tpl-odwolany\/","name":"Patriotyczny Rajd Rowerowy TPL - ODWO\u0141ANY - WordPress","isPartOf":{"@id":"https:\/\/przyjaciele-legionowa.pl\/#website"},"datePublished":"2015-08-04T18:19:07+00:00","breadcrumb":{"@id":"https:\/\/przyjaciele-legionowa.pl\/index.php\/2015\/08\/04\/patriotyczny-rajd-rowerowy-tpl-odwolany\/#breadcrumb"},"inLanguage":"en-US","potentialAction":[{"@type":"ReadAction","target":["https:\/\/przyjaciele-legionowa.pl\/index.php\/2015\/08\/04\/patriotyczny-rajd-rowerowy-tpl-odwolany\/"]}]},{"@type":"BreadcrumbList","@id":"https:\/\/przyjaciele-legionowa.pl\/index.php\/2015\/08\/04\/patriotyczny-rajd-rowerowy-tpl-odwolany\/#breadcrumb","itemListElement":[{"@type":"ListItem","position":1,"name":"Strona g\u0142\u00f3wna","item":"https:\/\/przyjaciele-legionowa.pl\/"},{"@type":"ListItem","position":2,"name":"Patriotyczny Rajd Rowerowy TPL &#8211; ODWO\u0141ANY"}]},{"@type":"WebSite","@id":"https:\/\/przyjaciele-legionowa.pl\/#website","url":"https:\/\/przyjaciele-legionowa.pl\/","name":"przyjaciele-legionowa.pl","description":"Just another WordPress site","publisher":{"@id":"https:\/\/przyjaciele-legionowa.pl\/#organization"},"potentialAction":[{"@type":"SearchAction","target":{"@type":"EntryPoint","urlTemplate":"https:\/\/przyjaciele-legionowa.pl\/?s={search_term_string}"},"query-input":{"@type":"PropertyValueSpecification","valueRequired":true,"valueName":"search_term_string"}}],"inLanguage":"en-US"},{"@type":"Organization","@id":"https:\/\/przyjaciele-legionowa.pl\/#organization","name":"Towarzystwo Przyjaci\u00f3\u0142 Legionowa","url":"https:\/\/przyjaciele-legionowa.pl\/","logo":{"@type":"ImageObject","inLanguage":"en-US","@id":"https:\/\/przyjaciele-legionowa.pl\/#\/schema\/logo\/image\/","url":"https:\/\/przyjaciele-legionowa.pl\/wp-content\/uploads\/2025\/01\/log-e1746416050678.jpg","contentUrl":"https:\/\/przyjaciele-legionowa.pl\/wp-content\/uploads\/2025\/01\/log-e1746416050678.jpg","width":294,"height":430,"caption":"Towarzystwo Przyjaci\u00f3\u0142 Legionowa"},"image":{"@id":"https:\/\/przyjaciele-legionowa.pl\/#\/schema\/logo\/image\/"},"sameAs":["https:\/\/www.facebook.com\/profile.php?id=100067066425039&locale=pl_PL"]},{"@type":"Person","@id":"https:\/\/przyjaciele-legionowa.pl\/#\/schema\/person\/84acfe8979ce9af1d357776361fc55fd","name":"admin2820","image":{"@type":"ImageObject","inLanguage":"en-US","@id":"https:\/\/secure.gravatar.com\/avatar\/5ee8db31b9e7df1b3f0e08ae6e282faa31a14e095dd3f7ae74e1cb8e0b8f407f?s=96&d=mm&r=g","url":"https:\/\/secure.gravatar.com\/avatar\/5ee8db31b9e7df1b3f0e08ae6e282faa31a14e095dd3f7ae74e1cb8e0b8f407f?s=96&d=mm&r=g","contentUrl":"https:\/\/secure.gravatar.com\/avatar\/5ee8db31b9e7df1b3f0e08ae6e282faa31a14e095dd3f7ae74e1cb8e0b8f407f?s=96&d=mm&r=g","caption":"admin2820"},"sameAs":["http:\/\/przyjaciele-legionowa.pl"],"url":"https:\/\/przyjaciele-legionowa.pl\/index.php\/author\/admin2820\/"}]}},"_links":{"self":[{"href":"https:\/\/przyjaciele-legionowa.pl\/index.php\/wp-json\/wp\/v2\/posts\/3201","targetHints":{"allow":["GET"]}}],"collection":[{"href":"https:\/\/przyjaciele-legionowa.pl\/index.php\/wp-json\/wp\/v2\/posts"}],"about":[{"href":"https:\/\/przyjaciele-legionowa.pl\/index.php\/wp-json\/wp\/v2\/types\/post"}],"author":[{"embeddable":true,"href":"https:\/\/przyjaciele-legionowa.pl\/index.php\/wp-json\/wp\/v2\/users\/1"}],"replies":[{"embeddable":true,"href":"https:\/\/przyjaciele-legionowa.pl\/index.php\/wp-json\/wp\/v2\/comments?post=3201"}],"version-history":[{"count":0,"href":"https:\/\/przyjaciele-legionowa.pl\/index.php\/wp-json\/wp\/v2\/posts\/3201\/revisions"}],"wp:attachment":[{"href":"https:\/\/przyjaciele-legionowa.pl\/index.php\/wp-json\/wp\/v2\/media?parent=3201"}],"wp:term":[{"taxonomy":"category","embeddable":true,"href":"https:\/\/przyjaciele-legionowa.pl\/index.php\/wp-json\/wp\/v2\/categories?post=3201"},{"taxonomy":"post_tag","embeddable":true,"href":"https:\/\/przyjaciele-legionowa.pl\/index.php\/wp-json\/wp\/v2\/tags?post=3201"}],"curies":[{"name":"wp","href":"https:\/\/api.w.org\/{rel}","templated":true}]}}