{"id":2954,"date":"2015-05-04T13:13:24","date_gmt":"2015-05-04T19:13:24","guid":{"rendered":"http:\/\/www.przyjaciele-legionowa.org.pl\/?p=2954"},"modified":"2015-05-04T13:13:24","modified_gmt":"2015-05-04T19:13:24","slug":"wklad-legionowian-w-zwyciestwo-nad-hitlerowskimi-niemcami","status":"publish","type":"post","link":"https:\/\/przyjaciele-legionowa.pl\/index.php\/2015\/05\/04\/wklad-legionowian-w-zwyciestwo-nad-hitlerowskimi-niemcami\/","title":{"rendered":"Wk\u0142ad  Legionowian w zwyci\u0119stwo nad hitlerowskimi Niemcami"},"content":{"rendered":"<p><span style=\"font-size: medium;\"><strong>Wk\u0142ad Legionowian w zwyci\u0119stwo nad hitlerowskimi Niemcami \u2013 w 70. Rocznic\u0119 Zako\u0144czenia II Wojny \u015awiatowej w Europie 8 maja 1945 r.<\/strong><\/span><\/p>\n<p>&nbsp;<\/p>\n<p align=\"JUSTIFY\"><strong>Legionowski wymiar wk\u0142adu w zwyci\u0119stwo nad hitlerowskimi Niemcami \u0142\u0105czy si\u0119 nierozerwalnie z og\u00f3lnonarodowym wysi\u0142kiem ponoszonym przez Polak\u00f3w na wszystkich frontach dzia\u0142a\u0144 wojennych, niezwykle bogatych formach spo\u0142ecznego oporu, dzia\u0142a\u0144 konspiracyjnych i walki o zachowanie to\u017csamo\u015bci narodowej i godno\u015bci ludzkiej.<\/strong><\/p>\n<p align=\"JUSTIFY\"><strong> Realizowany on by\u0142 od dnia 1 wrze\u015bnia 1939 r. gdy nad Legionowem rozegra\u0142y si\u0119 walki powietrzne w obronie stolicy do kwietniowych i majowych walk o Boloni\u0119 i Berlin w 1945 r., gdzie nasi reprezentanci znale\u017ali si\u0119 w wyniku los\u00f3w II wojny.<\/strong><\/p>\n<p align=\"JUSTIFY\">\n<p align=\"JUSTIFY\">W szczeg\u00f3lno\u015bci II wojna odcisn\u0119\u0142a na naszym mie\u015bcie i jej mieszka\u0144cach swoje pi\u0119tno:<\/p>\n<p align=\"JUSTIFY\">\n<p align=\"JUSTIFY\"><strong>a\/ W czasie kampanii wrze\u015bniowej do ko\u0144ca wrze\u015bnia 1939 r<\/strong>. \u2013 gdy dzia\u0142ania wojenne prowadzone by\u0142y w obronie Narwi pod Zegrzem, Wieliszewem, Ryni\u0105, Niepor\u0119tem. Jab\u0142onn\u0105 i Legionowem oraz w Obronie Warszawy i Modlina. Ten czas przyni\u00f3s\u0142 ofiar\u0119 kilkuset \u017co\u0142nierzy Wojska Polskiego g\u0142ownie z Armii \u201eModlin\u201d i pierwsze ofiary os\u00f3b cywilnych. T\u0119 d\u0142ug\u0105 list\u0119 otwiera kpt. pilot Mieczys\u0142aw Olszewski \u2013 dow\u00f3dca eskadry my\u015bliwskiej, \u015bmiertelnie ranny 1 wrze\u015bnia w walce powietrznej nad Legionowem, lotnicy Brygady Bombowej polegli pod Niepor\u0119tem, \u017co\u0142nierze 20 i 8. dywizji piechoty spoczywaj\u0105cy na cmentarzu wojennym w Wieliszewie i kwaterach wojennych w Legionowie, Jab\u0142onnie, Niepor\u0119cie i Serocku.<\/p>\n<p align=\"JUSTIFY\">Wszystkich ich uznajemy za naszych, legionowskich bohater\u00f3w, cho\u0107 przybyli z daleka by broni\u0107 naszej legionowskiej ziemi i jej mieszka\u0144c\u00f3w. Na stra\u017cy ich pami\u0119ci obok nas, stoi dzi\u015b s\u0119dziwy uczestnik walki pod Zegrzem i Legionowem \u2013 por. Ryszard Guba\u0142a, mjr Stanis\u0142aw Mandykowski- (Genera\u0142 Dru\u017cyn Strzeleckich) uczestnik walk Armii \u201ePrusy\u201d w centrum kraju, p\u0142k Kazimierz Przymusi\u0144ski- uczestnik konspiracji na po\u0142udniu Polski.<\/p>\n<p align=\"JUSTIFY\">\n<p align=\"JUSTIFY\"><strong>b\/ W czasie d\u0142ugiej, ponad pi\u0119cioletniej okupacji niemieckiej <\/strong>&#8211; gdy spo\u0142ecze\u0144stwo zorganizowa\u0142o si\u0119 do spontanicznego ruchu oporu, czego najwi\u0119kszym przejawem by\u0142o Powstanie Warszawskie realizowane r\u00f3wnie\u017c w naszym mie\u015bcie i w obszarze powiatu legionowskiego a we wrze\u015bniu 1944 r. w Puszczy Kampinoskiej w formie wydzielonego oddzia\u0142u I Rejonu VII Obwodu AK.<\/p>\n<p align=\"JUSTIFY\">Wspomnijmy tu organizator\u00f3w i dow\u00f3dc\u00f3w polskiego pa\u0144stwa podziemnego w jej lokalnym, legionowskim wymiarze &#8211; kpt. Tadeusza Perdzy\u0144skiego, mjr. Franciszka Ama\u0142owicza, pp\u0142k. Romana K\u0142oczkowskiego, mjr. dr Tadeusza Frydrychowicza, pp\u0142k. Edwarda Dietricha, por. Franciszka Radzimirskiego, por. Jerzy Siwi\u0144skiego, por. Boles\u0142awa Szymkiewicza, por. Dymitra \u015alizienia, por. Bronis\u0142awa Tokaja, por. Wand\u0119 Tomczy\u0144sk\u0105 i wielu, wielu innych.<\/p>\n<p align=\"JUSTIFY\">\n<p align=\"JUSTIFY\">Akcj\u0119 walki prowadzi\u0142y obok AK \u2013 najliczniejszej na naszym terenie, tak\u017ce Armia Ludowa<\/p>\n<p align=\"JUSTIFY\">( Sprawa Skoneckich, i udzia\u0142 w Powstaniu Warszawskim na terenie Legionowa oddzia\u0142u Stanis\u0142awa Filipiaka). W Legionowie dzia\u0142a\u0142a w ramach Batalion\u00f3w Ch\u0142opskich skrzynka przerzutowa z Generalnej Guberni na P\u00f3\u0142nocne Mazowsze, oddzia\u0142 BCH dzia\u0142a\u0142 silniej w okolicach Serocka. Legionowo by\u0142o r\u00f3wnie\u017c zapleczem dla Narodowych Si\u0142 Zbrojnych, dzia\u0142aj\u0105cych z obszaru P\u00f3\u0142nocnej Pragi. O ile dzia\u0142ania AK s\u0105 dzi\u015b ju\u017c do\u015b\u0107 dobrze udokumentowane to opis innych ugrupowa\u0144 zbrojnego podziemia czeka na swoje historyczne opisanie.<\/p>\n<p align=\"JUSTIFY\">Wymiar patriotycznej postawy i tej walki owocowa\u0142 wielkimi ofiarami, gdy\u017c okupant hitlerowski stara\u0142 si\u0119 terrorem z\u0142ama\u0107 ducha oporu. Tragiczny wymiar to masowe egzekucje podj\u0119te ju\u017c w lutym 1940 w Palmirach, gdzie zg\u0142adzono 192 obywateli naszego miasta i powiatu na czele z w\u00f3jtem gminy Miko\u0142ajem Bo\u017cymem i Stanis\u0142awem Gierczy\u0144skim, w\u0142a\u015bcicielem fabryki guzik\u00f3w.<\/p>\n<p align=\"JUSTIFY\">Niezwykle tragiczny by\u0142 wymiar funkcjonowania w czasie okupacji getta \u017cydowskiego w Legionowie. Niemcy likwiduj\u0105c getto w pa\u017adzierniku 1942 r. ok. 1500 mieszka\u0144c\u00f3w Legionowa i najbli\u017cszej okolicy zamordowali w Treblince a oko\u0142o 200 zgin\u0119\u0142o na miejscu w Legionowie w przeci\u0105gu okupacji. Mieszka\u0144cy Legionowa w miar\u0119 mo\u017cliwo\u015bci pomagali zamkni\u0119tym w getcie.<\/p>\n<p align=\"JUSTIFY\">Kilku rodzinom \u017cydowskim uda\u0142o si\u0119 prze\u017cy\u0107, ukrytym w domach mieszka\u0144c\u00f3w Legionowa. Przywo\u0142ujemy tu rodzin\u0119 Jagie\u0142\u0142owicz\u00f3w i Szklark\u00f3w, kt\u00f3rzy pomimo zagro\u017cenia im \u015bmierci\u0105 za ukrywanie \u017byd\u00f3w, okazali im pomoc i przechowali do dnia wyzwolenia.<\/p>\n<p align=\"JUSTIFY\">\n<p align=\"JUSTIFY\">Ponad 200 mieszka\u0144c\u00f3w miasta zgin\u0119\u0142o w czasie Powstania Warszawskiego i lat okupacji, b\u0105d\u017a jako \u017co\u0142nierze walcz\u0105cy w obszarze dzisiejszego powiatu legionowskiego, w Warszawie, w Puszczy Kampinoskiej, b\u0105d\u017a jako ofiary terroru hitlerowc\u00f3w (w\u015br\u00f3d wielu wymieni\u0107 nale\u017cy cho\u0107by mjr. Konstantego Radziwi\u0142\u0142a, por. Stefana Krasi\u0144skiego czy kapelana powsta\u0144czego ks. Wac\u0142awa Szelenbauma). Dzi\u015b pomniki i wiele tablic pami\u0119ci rozsianych po naszej ziemi przypominaj\u0105 nam o tej ofierze.<\/p>\n<p align=\"JUSTIFY\">Do tej liczby do\u0142\u0105czymy r\u00f3wnie\u017c grup\u0119 ponad 50 mieszka\u0144c\u00f3w z obszaru powiatu legionowskiego, kt\u00f3rzy zostali wywiezieni przez radzieckie oddzia\u0142y <em>Smierszy i NKWD<\/em> w ko\u0144cu 1944 r. na nieludzk\u0105, wschodni\u0105 ziemi\u0119. Z tej liczby czterech z Legionowa ju\u017c nie wr\u00f3ci\u0142o, a wielu powr\u00f3ci\u0142o okaleczonych fizycznie i psychicznie.<\/p>\n<p align=\"JUSTIFY\">Dzia\u0142ania wojenne z wrze\u015bnia i pa\u017adziernika 1944 r. spowodowa\u0142y wyp\u0119dzenie przez niemieckiego okupanta prawie wszystkich mieszka\u0144c\u00f3w Legionowa. Gdy wracali do dom\u00f3w wiosn\u0105 1945 r., to wracali do zrujnowanych miejsc, gdzie trzeba by\u0142o wszystko zaczyna\u0107 od nowa, a w ziemi czai\u0142a si\u0119 \u201eczarna \u015bmier\u0107\u201d. W wyniku pozostawionego przez walcz\u0105ce strony w 1944 i 1945 r. materia\u0142u wojennego, w samym Legionowie zgin\u0119\u0142o kilkana\u015bcie os\u00f3b, cz\u0119sto m\u0142odych.<\/p>\n<p align=\"JUSTIFY\">\n<p align=\"JUSTIFY\"><strong>c) Konkretny wymiar polskiej ofiary mia\u0142y tak\u017ce zwyci\u0119skie walki stoczone w X 1944 r. przez 1. Dywizj\u0119 Piechoty im Tadeusza Ko\u015bciuszki o Jab\u0142onn\u0119 \u2013 Legionowo &#8211; <\/strong>Uczestnikiem tej walki by\u0142 mi\u0119dzy innymi przedwojenny kpr 1. dywizjonu poci\u0105g\u00f3w pancernych J\u00f3zef Dziadura ( w latach 50. ju\u017c jako genera\u0142 pe\u0142ni\u0142 w Legionowie obowi\u0105zki dow\u00f3dcy 1. Dywizji i dow\u00f3dcy garnizonu) , p\u0142k. Tadeusz Cynkin &#8211; dow\u00f3dca batalionu piechoty 2. Pu\u0142ku Piechoty ( dow\u00f3dca 1 Dywizji w Legionowie w 1948 r). Z wojennym losem 1 Dywizji zwi\u0105zany by\u0142 m. in. mjr Stanis\u0142aw Feliszek \u2013 powstaniec warszawski , uczestnik bitwy o Berlin, wsp\u00f3\u0142za\u0142o\u017cyciel Towarzystwa Przyjaci\u00f3\u0142 Legionowa, p\u0142k Tadeusz Kucharz oraz Pani por. Teofila Bojkowska. Mamy szacunek i pami\u0119tamy r\u00f3wnie\u017c o \u017co\u0142nierzach 2. Frontu Bia\u0142oruskiego, kt\u00f3rzy polegli w walce o Legionowo, Chotom\u00f3w. Zegrze, Serock a w\u015br\u00f3d nich Dajlagaja Nagumanowa &#8211; Bohatera Zwi\u0105zku Radzieckiego poleg\u0142ego w walce pancernej z niemieckimi czo\u0142gami na szosie zegrzy\u0144skiej pod Wieliszewem.<\/p>\n<p align=\"JUSTIFY\">\n<p align=\"JUSTIFY\"><strong>d\/<\/strong> <strong>Los wojny dla Legionowa to tak\u017ce tragiczny wymiar katy\u0144skich ofiar<\/strong> &#8211; 44 oficer\u00f3w i 2 policjant\u00f3w z Legionowa. Mamy jeszcze \u015bwie\u017co w pami\u0119ci uroczysto\u015b\u0107 V rocznicy ods\u0142oni\u0119cia pomnika im po\u015bwi\u0119conego. T\u0105 d\u0142uga list\u0119 otwiera komendant Garnizonu Legionowo- dow\u00f3dca 2. Batalionu Balonowego \u2013 p\u0142k Julian Sielewicz. M\u00f3wimy, \u017ce nasz garnizon zosta\u0142 zdziesi\u0105tkowany, bo faktycznie zgin\u0105\u0142 tam, na Wschodzie, co dziesi\u0105ty oficer z przedwojennego Legionowa.<\/p>\n<p align=\"JUSTIFY\">\n<p align=\"JUSTIFY\"><strong>e\/<\/strong> <strong>Epopeja legionowian na frontach walki we Francji, Anglii we W\u0142oszech oraz na<\/strong> <strong>Bia\u0142orusi<\/strong> <strong>\u2013 ma sw\u00f3j chwalebny wymiar<\/strong>.<\/p>\n<p align=\"JUSTIFY\">\n<p align=\"JUSTIFY\">Byli\u015bmy pod Lenino, w Berlinie, pod Monte Cassino, Ankon\u0105 i Boloni\u0105, pod Arnhem, uczestniczyli\u015bmy w obronie francuskiego i angielskiego nieba. W\u015br\u00f3d wielu przypomnijmy nazwiska mjr. Stanis\u0142awa Mazurka, mjr W\u0142adys\u0142awa Pomaskiego, sier\u017c. Franciszka Mazura, sier\u017c. Hieronima Romanowskiego, sier\u017c. Tadeusza Szklarka, por. J\u00f3zefa Iwaszkiewicza, ppor. Albina Majszaka, pp\u0142k. R\u00f3\u017ca\u0144skiego, p\u0142k. Zdzis\u0142awa Jurkowskiego, ks. p\u0142k Mrugacza, p\u0142k. Tadeusza Kucharza, p\u0142k. Tadeusza M\u0119czy\u0144skiego, por. Teofil\u0119 Bojkowsk\u0105 oraz wszystkich uczestnik\u00f3w walk, kt\u00f3rzy odeszli po wojnie na wieczn\u0105 wart\u0119 a nade wszystko kombatant\u00f3w wojny wci\u0105\u017c stoj\u0105cych na stra\u017cy pami\u0119ci i wychowania m\u0142odego pokolenia na konkretnych, swoich patriotycznych postawach.<\/p>\n<p align=\"JUSTIFY\">\n<p align=\"JUSTIFY\">Miasto Legionowo oraz miejscowo\u015bci powiatu legionowskiego staraj\u0105 si\u0119 jak najlepiej uhonorowa\u0107 legionowian walcz\u0105cych o wolno\u015b\u0107 naszej ojczyzny. W Legionowie symbolizuje to Pomnik Polski Walcz\u0105cej, Pomnik Katy\u0144ski, liczne miejsca i tablice pami\u0119ci oraz \u017co\u0142nierskie mogi\u0142y na cmentarzu komunalnym.<\/p>\n<p align=\"JUSTIFY\">W tkank\u0119 miasta wro\u015bli patroni ulic \u2013 Tadeusz Wardencki, ppor. Mieczys\u0142aw Smerek, por. Jerzy Siwi\u0144ski, kpt. Andrzej Paszkowski, por. Wanda Tomczy\u0144ska, pp\u0142k Franciszek Hynek, pp\u0142k Edward Dietrich, rodzina Rykaczewskich, rotmistrz Witold Pilecki, ks. p\u0142k Jan Mrugacz, Szare Szeregi i Armia Krajowa jako bohaterowie zbiorowi.<\/p>\n<p align=\"JUSTIFY\">\n<p align=\"JUSTIFY\"><strong>Kombatanci walk 1939-1945 stanowi\u0105 z\u0142oty zestaw honorowych obywateli naszego miasta.<\/strong><\/p>\n<p align=\"JUSTIFY\"><strong>Przypomnijmy nazwiska : Edward Dietrich, Wanda Tomczy\u0144ska, Ludwik Schmidt, Jan Mrugacz, Andrzej Paszkowski, Lucjan Spletsteser, Bronis\u0142awa Romanowska -Mazur, Teofila Bojkowska, dr Zygmunt Pryszmont. Szczeg\u00f3ln\u0105 pami\u0119\u0107 ma w Legionowie posta\u0107 Ryszarda Kaczorowskiego, kombatanta spod Monte Casino &#8211; ostatniego prezydenta RP na Uchod\u017actwie &#8211; przedwojennego harcerza z Bia\u0142egostoku oraz Aliny i Czes\u0142awa Centkiewicz\u00f3w-znanych pisarzy ale i uczestnik\u00f3w Powstania Warszawskiego w stolicy.<\/strong><\/p>\n<p align=\"JUSTIFY\">\n<p align=\"JUSTIFY\">Chylimy czo\u0142a przed cz\u0142onkami i dzia\u0142aczami \u015awiatowego Zwi\u0105zku \u017bo\u0142nierzy Armii Krajowej, Zwi\u0105zku Polskich Kombatant\u00f3w , Zwi\u0105zku Kombatant\u00f3w RP i By\u0142ych Wi\u0119\u017ani\u00f3w Politycznych, Zwi\u0105zku Sybirak\u00f3w, Zwi\u0105zku Zes\u0142a\u0144c\u00f3w Sybiru, Zwi\u0105zku Inwalid\u00f3w Wojennych, Zwi\u0105zku \u017bo\u0142nierzy Wojska Polskiego, Zwi\u0105zku Harcerstwa Polskiego, Towarzystwa Przyjaci\u00f3\u0142 Legionowa, pracownikami Muzeum Historycznego, Stowarzyszenia \u201eOg\u00f3lnopolska Rodzina Ko\u015bciuszkowc\u00f3w\u201d, Fundacji Dzieci i M\u0142odzie\u017cy im. Wandy Tomczy\u0144skiej, duszpasterzy, le\u015bnik\u00f3w, pracownik\u00f3w o\u015bwiaty i kultury, w\u0142adz samorz\u0105dowych miasta i powiatu legionowskiego, dzia\u0142aczy politycznych, miejscowych medi\u00f3w, publicyst\u00f3w i spo\u0142ecznik\u00f3w \u201eTurystycznego szlaku patriotycznego Polski Walcz\u0105cej\u201d \u2013 stra\u017cnik\u00f3w narodowej to\u017csamo\u015bci i pami\u0119ci wysi\u0142ku Polak\u00f3w w II wojnie \u015bwiatowej.<\/p>\n<p align=\"JUSTIFY\">Wszyscy oni nie ustaj\u0105 w utrwalaniu pami\u0119ci o naszych bohaterskich legionowianach i ofierze jak\u0105 musia\u0142o ponie\u015b\u0107 spo\u0142ecze\u0144stwo Legionowa i nar\u00f3d polski by flaga bia\u0142o &#8211; czerwona mog\u0142a swobodnie i dumnie powiewa\u0107 nad naszym miastem, nad Warszaw\u0105, nad Monte Casino, Ankon\u0105, Boloni\u0105, nad stolic\u0105 pokonanych Niemiec &#8211; Berlinem, nad cmentarzami wojennymi Bia\u0142orusi, Rosji, Ukrainy, W\u0142och, Francji, Anglii, Belgii i Holandii i nad wielu jeszcze zapomnianymi i symbolicznymi mogi\u0142ami.<\/p>\n<p align=\"JUSTIFY\">\n<p align=\"JUSTIFY\"><strong>W obj\u0119tej wojn\u0105 Europie, \u017co\u0142nierze polscy, gdziekolwiek si\u0119 znale\u017ali. byli stawiani jako wz\u00f3r waleczno\u015bci, ofiarno\u015bci, szale\u0144czej odwagi, rycersko\u015bci i walki o godno\u015b\u0107 cz\u0142owieka i nie ma w tym \u017cadnej przesady.<\/strong><\/p>\n<p align=\"JUSTIFY\"><strong>Ze skromno\u015bci\u0105 prze\u017cywali te chwile chwa\u0142y i rado\u015bci gdy zwyci\u0119\u017cali w walce i nagradzano ich za czyny bojowe.<\/strong><\/p>\n<p align=\"JUSTIFY\">\n<p align=\"JUSTIFY\"><strong>Z godno\u015bci\u0105 znosili te\u017c gorzkie lata zapomnienia i szyderstw, kt\u00f3re zafundowa\u0142y im powojenne w\u0142adze Polski Ludowej i wschodniego alianta ale tak\u017ce kr\u00f3tkiej pami\u0119ci zachodnich koalicjant\u00f3w, kt\u00f3rzy kierowali si\u0119 swoimi kalkulacjami politycznymi. W sercach zwyk\u0142ych obywateli pozostawali jednak zawsze jako bohaterowie.<\/strong><\/p>\n<p align=\"JUSTIFY\"><strong>Has\u0142o walki \u201e W imi\u0119 Boga &#8211; Za wolno\u015b\u0107 Wasz\u0105 i Nasz\u0105\u201d wci\u0105\u017c aktywne w naszym narodzie przez minione stulecie, w niezwyk\u0142ym wymiarze potwierdzi\u0142o si\u0119 r\u00f3wnie\u017c w dobie II wojny \u015bwiatowej zar\u00f3wno w naszym lokalnym wymiarze jaki i na wojennych szlakach Europy.<\/strong><\/p>\n<p align=\"JUSTIFY\">\n<p align=\"JUSTIFY\">\n<p align=\"JUSTIFY\"><em>Z okazji 70. Rocznicy Zako\u0144czenia II Wojny \u015awiatowej w Europie, wszystkim kombatantom i ich rodzinom sk\u0142adamy serdeczne \u017cyczenia zdrowia i jeszcze du\u017co si\u0142y w dziele utrwalania pami\u0119ci o ofierze jak\u0105 Legionowo i jej mieszka\u0144cy dawni a tak\u017ce obecnie tutaj zamieszkuj\u0105cy ponosili w czasie najci\u0119\u017cszego w dziejach Europy i \u015awiata okresu pr\u00f3by, pr\u00f3by, jakim by\u0142 czas II wojny \u015bwiatowej.<\/em><\/p>\n<p align=\"JUSTIFY\">\n<p align=\"JUSTIFY\"><em><strong>Szersze rozwini\u0119cie tematu wraz z prezentacj\u0105 multimedialn\u0105 zostanie zaprezentowane na specjalnym wyk\u0142adzie historycznym w dniu 10 maja 2015 . o godz. 15.00 w Muzeum Historycznym w Legionowie przy ul. Mickiewicza 23, na kt\u00f3ry serdecznie zaprasza dyrektor i pracownicy Muzeum oraz Zarz\u0105d Towarzystwa Przyjaci\u00f3\u0142 Legionowa.<\/strong><\/em><\/p>\n<p align=\"JUSTIFY\">\n<p align=\"JUSTIFY\"><em>Zach\u0119camy do lektury artyku\u0142\u00f3w po\u015bwi\u0119conych w\/w tematyce a umieszczonych w kolejnych numerach \u201eRocznika Legionowskiego\u201d autorstwa Rafa\u0142a Degiela, Erazma Doma\u0144skiego, Jacka Iwaszkiewicza, Adama Kaczy\u0144skiego, Arkadiusza Ko\u0142odziejczyka, Barbary i S\u0142awomira Szklark\u00f3w, Jacka Szczepa\u0144skiego, do monumentalnego opracowania \u201eCzas pr\u00f3by\u201d Bronis\u0142awy Romanowskiej \u2013 Mazur, materia\u0142\u00f3w opracowanych przez Edwarda Dietricha i Andrzeja Paszkowskiego, Tomasza Elbanowskiego, Marcina Chomiuka, do wspomnie\u0144 Alicji Strojnowskiej \u201eLegionowo moich wspomnie\u0144\u201d opublikowanych na stronie internetowej przez Fundacj\u0119 Moje Wojenne Dzieci\u0144stwo oraz wielu, wci\u0105\u017c nowych materia\u0142\u00f3w.<\/em><\/p>\n<p align=\"JUSTIFY\">\n<p align=\"JUSTIFY\"><strong> <\/strong><em>Erazm Doma\u0144ski <\/em><\/p>\n<p align=\"JUSTIFY\">\n<p align=\"JUSTIFY\"><em>&#8211; Prezes Towarzystwa Przyjaci\u00f3\u0142 Legionowa,<\/em><\/p>\n<p align=\"JUSTIFY\"><em>by\u0142y kustosz Muzeum Historycznego w Legionowie.<\/em><\/p>\n<p align=\"JUSTIFY\">\n<p align=\"JUSTIFY\"><em>Zdj\u0119cia ze zbior\u00f3w Muzeum Historycznego w Legionowie<\/em><\/p>\n<p align=\"JUSTIFY\"><a href=\"http:\/\/www.przyjaciele-legionowa.org.pl\/wp-content\/uploads\/2015\/05\/Haubice-1.-Dywizji-Piechoty-im-T..-Ko\u015bciuszki-w-Berlinie-1945-r.jpg\"><img decoding=\"async\" class=\"alignleft size-thumbnail wp-image-2955\" title=\"Haubice 1. Dywizji Piechoty im T.. Ko\u015bciuszki w Berlinie 1945 r\" src=\"http:\/\/www.przyjaciele-legionowa.org.pl\/wp-content\/uploads\/2015\/05\/Haubice-1.-Dywizji-Piechoty-im-T..-Ko\u015bciuszki-w-Berlinie-1945-r-150x94.jpg\" alt=\"\" width=\"150\" height=\"94\" \/><\/a>Haubice 1. Dywizji Piechoty im T.. Ko\u015bciuszki w Berlinie 1945 r<\/p>\n<p align=\"JUSTIFY\">\n<p align=\"JUSTIFY\">\n<p align=\"JUSTIFY\"><a href=\"http:\/\/www.przyjaciele-legionowa.org.pl\/wp-content\/uploads\/2015\/05\/Krzy\u017c-5.-Dywizji-Kresowej-pod-Monte-Cassino-postawiony-m-in.-przez-sier\u017c.-Tadeusza-Szklarka-z-Legionowa-w-1944-r..jpg\"><img decoding=\"async\" class=\"alignleft size-thumbnail wp-image-2956\" title=\"Krzy\u017c 5. Dywizji Kresowej pod Monte Cassino postawiony m in. przez sier\u017c. Tadeusza Szklarka z Legionowa w 1944 r.\" src=\"http:\/\/www.przyjaciele-legionowa.org.pl\/wp-content\/uploads\/2015\/05\/Krzy\u017c-5.-Dywizji-Kresowej-pod-Monte-Cassino-postawiony-m-in.-przez-sier\u017c.-Tadeusza-Szklarka-z-Legionowa-w-1944-r.-150x115.jpg\" alt=\"\" width=\"150\" height=\"115\" \/><\/a>Krzy\u017c 5. Dywizji Kresowej pod Monte Cassino postawiony m in. przez sier\u017c. Tadeusza Szklarka z Legionowa w 1944 r.<\/p>\n<p align=\"JUSTIFY\">\n<p align=\"JUSTIFY\">\n<p align=\"JUSTIFY\"><a href=\"http:\/\/www.przyjaciele-legionowa.org.pl\/wp-content\/uploads\/2015\/05\/Kwatera-wojenna-zo\u0142nierzy-WP-poleg\u0142ych-w-1939-r.-i-\u017co\u0142nierzy-Armii-Krajowej-uczestnik\u00f3w-Powstania-Warszawskiego-1944-w-Legionowie.jpg\"><img decoding=\"async\" class=\"alignleft size-thumbnail wp-image-2957\" title=\"Kwatera wojenna zo\u0142nierzy WP poleg\u0142ych w 1939 r. i \u017co\u0142nierzy Armii Krajowej - uczestnik\u00f3w Powstania Warszawskiego 1944 w Legionowie\" src=\"http:\/\/www.przyjaciele-legionowa.org.pl\/wp-content\/uploads\/2015\/05\/Kwatera-wojenna-zo\u0142nierzy-WP-poleg\u0142ych-w-1939-r.-i-\u017co\u0142nierzy-Armii-Krajowej-uczestnik\u00f3w-Powstania-Warszawskiego-1944-w-Legionowie-120x150.jpg\" alt=\"\" width=\"120\" height=\"150\" \/><\/a>Kwatera wojenna zo\u0142nierzy WP poleg\u0142ych w 1939 r. i \u017co\u0142nierzy Armii Krajowej &#8211; uczestnik\u00f3w Powstania Warszawskiego 1944 w Legionowie<\/p>\n<p align=\"JUSTIFY\">\n<p align=\"JUSTIFY\">\n<p align=\"JUSTIFY\">\n<p align=\"JUSTIFY\"><a href=\"http:\/\/www.przyjaciele-legionowa.org.pl\/wp-content\/uploads\/2015\/05\/medal-Spawiedliwym-w\u015br\u00f3d-narod\u00f3w-swiata-nadawany-za-pomoc-\u017cydom-w-czasie-II-Wojny-\u015bw..jpg\"><img loading=\"lazy\" decoding=\"async\" class=\"alignleft size-thumbnail wp-image-2958\" title=\"medal Spawiedliwym w\u015br\u00f3d narod\u00f3w swiata, nadawany za pomoc \u017cydom w czasie II Wojny \u015bw.\" src=\"http:\/\/www.przyjaciele-legionowa.org.pl\/wp-content\/uploads\/2015\/05\/medal-Spawiedliwym-w\u015br\u00f3d-narod\u00f3w-swiata-nadawany-za-pomoc-\u017cydom-w-czasie-II-Wojny-\u015bw.-150x150.jpg\" alt=\"\" width=\"150\" height=\"150\" \/><\/a>medal Sprawiedliwy W\u015br\u00f3d Narod\u00f3w \u015awiata, nadawany za pomoc \u017cydom w czasie II Wojny \u015bw.<\/p>\n<p align=\"JUSTIFY\">\n<p align=\"JUSTIFY\">\n<p align=\"JUSTIFY\">\n<p align=\"JUSTIFY\">\n<p align=\"JUSTIFY\"><a href=\"http:\/\/www.przyjaciele-legionowa.org.pl\/wp-content\/uploads\/2015\/05\/Palmiry-1940-r.-miejsce-spoczynku-zamordowanych-legionowian.jpg\"><img loading=\"lazy\" decoding=\"async\" class=\"alignleft size-thumbnail wp-image-2959\" title=\"Palmiry 1940 r. miejsce spoczynku zamordowanych legionowian\" src=\"http:\/\/www.przyjaciele-legionowa.org.pl\/wp-content\/uploads\/2015\/05\/Palmiry-1940-r.-miejsce-spoczynku-zamordowanych-legionowian-112x150.jpg\" alt=\"\" width=\"112\" height=\"150\" \/><\/a>Palmiry 1940 r. miejsce spoczynku zamordowanych legionowian<\/p>\n<p align=\"JUSTIFY\">\n<p align=\"JUSTIFY\">\n<p align=\"JUSTIFY\">\n<p align=\"JUSTIFY\">\n<p align=\"JUSTIFY\"><a href=\"http:\/\/www.przyjaciele-legionowa.org.pl\/wp-content\/uploads\/2015\/05\/por-W\u0142odzimierz-Lichacz-na-stacji-w-Legionowie-spoczywajacy-na-cmentarzu-wojennym-w-Charkowie.jpg\"><img loading=\"lazy\" decoding=\"async\" class=\"alignleft size-thumbnail wp-image-2960\" title=\"por W\u0142odzimierz Lichacz na stacji w Legionowie, spoczywajacy na cmentarzu wojennym w Charkowie\" src=\"http:\/\/www.przyjaciele-legionowa.org.pl\/wp-content\/uploads\/2015\/05\/por-W\u0142odzimierz-Lichacz-na-stacji-w-Legionowie-spoczywajacy-na-cmentarzu-wojennym-w-Charkowie-150x138.jpg\" alt=\"\" width=\"150\" height=\"138\" \/><\/a>por W\u0142odzimierz Lichacz na stacji w Legionowie, spoczywaj\u0105cy na cmentarzu wojennym w Charkowie<\/p>\n<p align=\"JUSTIFY\">\n<p align=\"JUSTIFY\">\n<p align=\"JUSTIFY\">\n<p align=\"JUSTIFY\"><a href=\"http:\/\/www.przyjaciele-legionowa.org.pl\/wp-content\/uploads\/2015\/05\/pp\u0142k-Sielewicz-Julian-pierwszy-oficer-z-legiowoskiej-listy-katy\u0144skiej.jpg\"><img loading=\"lazy\" decoding=\"async\" class=\"alignleft size-thumbnail wp-image-2961\" title=\"pp\u0142k Sielewicz Julian-pierwszy oficer  z legiowoskiej listy katy\u0144skiej\" src=\"http:\/\/www.przyjaciele-legionowa.org.pl\/wp-content\/uploads\/2015\/05\/pp\u0142k-Sielewicz-Julian-pierwszy-oficer-z-legiowoskiej-listy-katy\u0144skiej-110x150.jpg\" alt=\"\" width=\"110\" height=\"150\" \/><\/a>pp\u0142k Sielewicz Julian-pierwszy oficer\u00a0 z legionowskiej listy katy\u0144skiej<\/p>\n<p align=\"JUSTIFY\">\n<p align=\"JUSTIFY\">\n<p align=\"JUSTIFY\">\n<p align=\"JUSTIFY\">\n<p align=\"JUSTIFY\"><a href=\"http:\/\/www.przyjaciele-legionowa.org.pl\/wp-content\/uploads\/2015\/05\/Rekonstrukcja-historyczna-w-koszarach-9-maja-2009-obrazuj\u0105ca-wk\u0142ad-legionowian-w-walce-o-wolno\u015b\u0107-w-czasie-II-wojny-\u015b..jpg\"><img loading=\"lazy\" decoding=\"async\" class=\"alignleft size-thumbnail wp-image-2962\" title=\"Rekonstrukcja historyczna w koszarach 9 maja 2009 obrazuj\u0105ca wk\u0142ad legionowian w walce o wolno\u015b\u0107 w czasie II wojny \u015b.\" src=\"http:\/\/www.przyjaciele-legionowa.org.pl\/wp-content\/uploads\/2015\/05\/Rekonstrukcja-historyczna-w-koszarach-9-maja-2009-obrazuj\u0105ca-wk\u0142ad-legionowian-w-walce-o-wolno\u015b\u0107-w-czasie-II-wojny-\u015b.-150x99.jpg\" alt=\"\" width=\"150\" height=\"99\" \/><\/a>Rekonstrukcja historyczna w koszarach 9 maja 2009 obrazuj\u0105ca wk\u0142ad legionowian w walce o wolno\u015b\u0107 w czasie II wojny \u015bw.<\/p>\n<p align=\"JUSTIFY\">\n<p align=\"JUSTIFY\"><a href=\"http:\/\/www.przyjaciele-legionowa.org.pl\/wp-content\/uploads\/2015\/05\/Rekonstrukcja-napisu-umieszczonego-przez-Szare-Szeregi-w-czasie-okupacji-na-parkanie-legionowskiego-tartaku.jpg\"><img loading=\"lazy\" decoding=\"async\" class=\"alignleft size-thumbnail wp-image-2963\" title=\"Rekonstrukcja napisu umieszczonego przez Szare Szeregi w czasie okupacji na parkanie legionowskiego tartaku\" src=\"http:\/\/www.przyjaciele-legionowa.org.pl\/wp-content\/uploads\/2015\/05\/Rekonstrukcja-napisu-umieszczonego-przez-Szare-Szeregi-w-czasie-okupacji-na-parkanie-legionowskiego-tartaku-150x112.jpg\" alt=\"\" width=\"150\" height=\"112\" \/><\/a>Rekonstrukcja napisu umieszczonego przez Szare Szeregi w czasie okupacji na parkanie legionowskiego tartaku<\/p>\n<p align=\"JUSTIFY\">\n<p align=\"JUSTIFY\">\n<p align=\"JUSTIFY\"><a href=\"http:\/\/www.przyjaciele-legionowa.org.pl\/wp-content\/uploads\/2015\/05\/Starszy-posterunkowy-Boles\u0142aw-Ko\u0142akowski-spoczywaj\u0105cy-w-Miednoje.jpg\"><img loading=\"lazy\" decoding=\"async\" class=\"alignleft size-thumbnail wp-image-2964\" title=\"Starszy posterunkowy Boles\u0142aw Ko\u0142akowski spoczywaj\u0105cy w Miednoje\" src=\"http:\/\/www.przyjaciele-legionowa.org.pl\/wp-content\/uploads\/2015\/05\/Starszy-posterunkowy-Boles\u0142aw-Ko\u0142akowski-spoczywaj\u0105cy-w-Miednoje-83x150.jpg\" alt=\"\" width=\"83\" height=\"150\" \/><\/a>Starszy posterunkowy Boles\u0142aw Ko\u0142akowski spoczywaj\u0105cy w Miednoje<\/p>\n<p align=\"JUSTIFY\">\n<p align=\"JUSTIFY\">\n<p align=\"JUSTIFY\">\n<p align=\"JUSTIFY\">\n<p align=\"JUSTIFY\"><a href=\"http:\/\/www.przyjaciele-legionowa.org.pl\/wp-content\/uploads\/2015\/05\/Sytuacja-w-obr\u0119bie-Warszawy-w-dniu-12-wrzesnia-1939-r..jpg\"><img loading=\"lazy\" decoding=\"async\" class=\"alignleft size-thumbnail wp-image-2965\" title=\"Sytuacja w obr\u0119bie Warszawy w dniu 12 wrzesnia 1939 r.\" src=\"http:\/\/www.przyjaciele-legionowa.org.pl\/wp-content\/uploads\/2015\/05\/Sytuacja-w-obr\u0119bie-Warszawy-w-dniu-12-wrzesnia-1939-r.-150x109.jpg\" alt=\"\" width=\"150\" height=\"109\" \/><\/a>Sytuacja w obr\u0119bie Warszawy w dniu 12 wrze\u015bnia 1939 r.<\/p>\n<p align=\"JUSTIFY\">\n<p align=\"JUSTIFY\">\n<p align=\"JUSTIFY\"><a href=\"http:\/\/www.przyjaciele-legionowa.org.pl\/wp-content\/uploads\/2015\/05\/szpital-legionowski-14-VII-1942-.jpg\"><img loading=\"lazy\" decoding=\"async\" class=\"alignleft size-thumbnail wp-image-2966\" title=\"szpital legionowski 14-VII-1942-\" src=\"http:\/\/www.przyjaciele-legionowa.org.pl\/wp-content\/uploads\/2015\/05\/szpital-legionowski-14-VII-1942--150x102.jpg\" alt=\"\" width=\"150\" height=\"102\" \/><\/a>szpital legionowski 14-VII-1942<\/p>\n<p align=\"JUSTIFY\">\n<p align=\"JUSTIFY\">\n<p align=\"JUSTIFY\">\n<p align=\"JUSTIFY\"><a href=\"http:\/\/www.przyjaciele-legionowa.org.pl\/wp-content\/uploads\/2015\/05\/Sztandar-1.-dywizjonu-poci\u0105g\u00f3w-pancernych-z-Legionowa-w-zbiorach-MWP.jpg\"><img loading=\"lazy\" decoding=\"async\" class=\"alignleft size-thumbnail wp-image-2967\" title=\"Sztandar 1. dywizjonu poci\u0105g\u00f3w pancernych z Legionowa, w zbiorach MWP\" src=\"http:\/\/www.przyjaciele-legionowa.org.pl\/wp-content\/uploads\/2015\/05\/Sztandar-1.-dywizjonu-poci\u0105g\u00f3w-pancernych-z-Legionowa-w-zbiorach-MWP-150x122.jpg\" alt=\"\" width=\"150\" height=\"122\" \/><\/a>Sztandar 1. dywizjonu poci\u0105g\u00f3w pancernych z Legionowa, w zbiorach MWP<\/p>\n","protected":false},"excerpt":{"rendered":"<p>Wk\u0142ad Legionowian w zwyci\u0119stwo nad hitlerowskimi Niemcami \u2013 w 70. Rocznic\u0119 Zako\u0144czenia II Wojny \u015awiatowej w Europie 8 maja 1945 r. &nbsp; Legionowski wymiar wk\u0142adu w zwyci\u0119stwo nad hitlerowskimi Niemcami \u0142\u0105czy si\u0119 nierozerwalnie z og\u00f3lnonarodowym wysi\u0142kiem ponoszonym przez Polak\u00f3w na wszystkich frontach dzia\u0142a\u0144 wojennych, niezwykle bogatych formach spo\u0142ecznego oporu, dzia\u0142a\u0144 konspiracyjnych i walki o zachowanie [&hellip;]<\/p>\n","protected":false},"author":1,"featured_media":0,"comment_status":"open","ping_status":"open","sticky":false,"template":"","format":"standard","meta":{"footnotes":""},"categories":[2,3,5],"tags":[],"class_list":["post-2954","post","type-post","status-publish","format-standard","hentry","category-legionowo","category-muzeum","category-o_towarzystwie"],"yoast_head":"<!-- This site is optimized with the Yoast SEO plugin v27.5 - https:\/\/yoast.com\/product\/yoast-seo-wordpress\/ -->\n<title>Wk\u0142ad Legionowian w zwyci\u0119stwo nad hitlerowskimi Niemcami - WordPress<\/title>\n<meta name=\"robots\" content=\"index, follow, max-snippet:-1, max-image-preview:large, max-video-preview:-1\" \/>\n<link rel=\"canonical\" href=\"https:\/\/przyjaciele-legionowa.pl\/index.php\/2015\/05\/04\/wklad-legionowian-w-zwyciestwo-nad-hitlerowskimi-niemcami\/\" \/>\n<meta property=\"og:locale\" content=\"en_US\" \/>\n<meta property=\"og:type\" content=\"article\" \/>\n<meta property=\"og:title\" content=\"Wk\u0142ad Legionowian w zwyci\u0119stwo nad hitlerowskimi Niemcami - WordPress\" \/>\n<meta property=\"og:description\" content=\"Wk\u0142ad Legionowian w zwyci\u0119stwo nad hitlerowskimi Niemcami \u2013 w 70. Rocznic\u0119 Zako\u0144czenia II Wojny \u015awiatowej w Europie 8 maja 1945 r. &nbsp; Legionowski wymiar wk\u0142adu w zwyci\u0119stwo nad hitlerowskimi Niemcami \u0142\u0105czy si\u0119 nierozerwalnie z og\u00f3lnonarodowym wysi\u0142kiem ponoszonym przez Polak\u00f3w na wszystkich frontach dzia\u0142a\u0144 wojennych, niezwykle bogatych formach spo\u0142ecznego oporu, dzia\u0142a\u0144 konspiracyjnych i walki o zachowanie [&hellip;]\" \/>\n<meta property=\"og:url\" content=\"https:\/\/przyjaciele-legionowa.pl\/index.php\/2015\/05\/04\/wklad-legionowian-w-zwyciestwo-nad-hitlerowskimi-niemcami\/\" \/>\n<meta property=\"og:site_name\" content=\"WordPress\" \/>\n<meta property=\"article:publisher\" content=\"https:\/\/www.facebook.com\/profile.php?id=100067066425039&amp;locale=pl_PL\" \/>\n<meta property=\"article:published_time\" content=\"2015-05-04T19:13:24+00:00\" \/>\n<meta property=\"og:image\" content=\"http:\/\/www.przyjaciele-legionowa.org.pl\/wp-content\/uploads\/2015\/05\/Palmiry-1940-r.-miejsce-spoczynku-zamordowanych-legionowian-112x150.jpg\" \/>\n<meta name=\"author\" content=\"admin2820\" \/>\n<meta name=\"twitter:card\" content=\"summary_large_image\" \/>\n<meta name=\"twitter:label1\" content=\"Written by\" \/>\n\t<meta name=\"twitter:data1\" content=\"admin2820\" \/>\n\t<meta name=\"twitter:label2\" content=\"Est. reading time\" \/>\n\t<meta name=\"twitter:data2\" content=\"11 minutes\" \/>\n<script type=\"application\/ld+json\" class=\"yoast-schema-graph\">{\"@context\":\"https:\\\/\\\/schema.org\",\"@graph\":[{\"@type\":\"Article\",\"@id\":\"https:\\\/\\\/przyjaciele-legionowa.pl\\\/index.php\\\/2015\\\/05\\\/04\\\/wklad-legionowian-w-zwyciestwo-nad-hitlerowskimi-niemcami\\\/#article\",\"isPartOf\":{\"@id\":\"https:\\\/\\\/przyjaciele-legionowa.pl\\\/index.php\\\/2015\\\/05\\\/04\\\/wklad-legionowian-w-zwyciestwo-nad-hitlerowskimi-niemcami\\\/\"},\"author\":{\"name\":\"admin2820\",\"@id\":\"https:\\\/\\\/przyjaciele-legionowa.pl\\\/#\\\/schema\\\/person\\\/84acfe8979ce9af1d357776361fc55fd\"},\"headline\":\"Wk\u0142ad Legionowian w zwyci\u0119stwo nad hitlerowskimi Niemcami\",\"datePublished\":\"2015-05-04T19:13:24+00:00\",\"mainEntityOfPage\":{\"@id\":\"https:\\\/\\\/przyjaciele-legionowa.pl\\\/index.php\\\/2015\\\/05\\\/04\\\/wklad-legionowian-w-zwyciestwo-nad-hitlerowskimi-niemcami\\\/\"},\"wordCount\":2228,\"commentCount\":0,\"publisher\":{\"@id\":\"https:\\\/\\\/przyjaciele-legionowa.pl\\\/#organization\"},\"image\":{\"@id\":\"https:\\\/\\\/przyjaciele-legionowa.pl\\\/index.php\\\/2015\\\/05\\\/04\\\/wklad-legionowian-w-zwyciestwo-nad-hitlerowskimi-niemcami\\\/#primaryimage\"},\"thumbnailUrl\":\"http:\\\/\\\/www.przyjaciele-legionowa.org.pl\\\/wp-content\\\/uploads\\\/2015\\\/05\\\/Palmiry-1940-r.-miejsce-spoczynku-zamordowanych-legionowian-112x150.jpg\",\"articleSection\":[\"Legionowo\",\"Muzeum\",\"O Towarzystwie\"],\"inLanguage\":\"en-US\",\"potentialAction\":[{\"@type\":\"CommentAction\",\"name\":\"Comment\",\"target\":[\"https:\\\/\\\/przyjaciele-legionowa.pl\\\/index.php\\\/2015\\\/05\\\/04\\\/wklad-legionowian-w-zwyciestwo-nad-hitlerowskimi-niemcami\\\/#respond\"]}]},{\"@type\":\"WebPage\",\"@id\":\"https:\\\/\\\/przyjaciele-legionowa.pl\\\/index.php\\\/2015\\\/05\\\/04\\\/wklad-legionowian-w-zwyciestwo-nad-hitlerowskimi-niemcami\\\/\",\"url\":\"https:\\\/\\\/przyjaciele-legionowa.pl\\\/index.php\\\/2015\\\/05\\\/04\\\/wklad-legionowian-w-zwyciestwo-nad-hitlerowskimi-niemcami\\\/\",\"name\":\"Wk\u0142ad Legionowian w zwyci\u0119stwo nad hitlerowskimi Niemcami - WordPress\",\"isPartOf\":{\"@id\":\"https:\\\/\\\/przyjaciele-legionowa.pl\\\/#website\"},\"primaryImageOfPage\":{\"@id\":\"https:\\\/\\\/przyjaciele-legionowa.pl\\\/index.php\\\/2015\\\/05\\\/04\\\/wklad-legionowian-w-zwyciestwo-nad-hitlerowskimi-niemcami\\\/#primaryimage\"},\"image\":{\"@id\":\"https:\\\/\\\/przyjaciele-legionowa.pl\\\/index.php\\\/2015\\\/05\\\/04\\\/wklad-legionowian-w-zwyciestwo-nad-hitlerowskimi-niemcami\\\/#primaryimage\"},\"thumbnailUrl\":\"http:\\\/\\\/www.przyjaciele-legionowa.org.pl\\\/wp-content\\\/uploads\\\/2015\\\/05\\\/Palmiry-1940-r.-miejsce-spoczynku-zamordowanych-legionowian-112x150.jpg\",\"datePublished\":\"2015-05-04T19:13:24+00:00\",\"breadcrumb\":{\"@id\":\"https:\\\/\\\/przyjaciele-legionowa.pl\\\/index.php\\\/2015\\\/05\\\/04\\\/wklad-legionowian-w-zwyciestwo-nad-hitlerowskimi-niemcami\\\/#breadcrumb\"},\"inLanguage\":\"en-US\",\"potentialAction\":[{\"@type\":\"ReadAction\",\"target\":[\"https:\\\/\\\/przyjaciele-legionowa.pl\\\/index.php\\\/2015\\\/05\\\/04\\\/wklad-legionowian-w-zwyciestwo-nad-hitlerowskimi-niemcami\\\/\"]}]},{\"@type\":\"ImageObject\",\"inLanguage\":\"en-US\",\"@id\":\"https:\\\/\\\/przyjaciele-legionowa.pl\\\/index.php\\\/2015\\\/05\\\/04\\\/wklad-legionowian-w-zwyciestwo-nad-hitlerowskimi-niemcami\\\/#primaryimage\",\"url\":\"http:\\\/\\\/www.przyjaciele-legionowa.org.pl\\\/wp-content\\\/uploads\\\/2015\\\/05\\\/Palmiry-1940-r.-miejsce-spoczynku-zamordowanych-legionowian-112x150.jpg\",\"contentUrl\":\"http:\\\/\\\/www.przyjaciele-legionowa.org.pl\\\/wp-content\\\/uploads\\\/2015\\\/05\\\/Palmiry-1940-r.-miejsce-spoczynku-zamordowanych-legionowian-112x150.jpg\"},{\"@type\":\"BreadcrumbList\",\"@id\":\"https:\\\/\\\/przyjaciele-legionowa.pl\\\/index.php\\\/2015\\\/05\\\/04\\\/wklad-legionowian-w-zwyciestwo-nad-hitlerowskimi-niemcami\\\/#breadcrumb\",\"itemListElement\":[{\"@type\":\"ListItem\",\"position\":1,\"name\":\"Strona g\u0142\u00f3wna\",\"item\":\"https:\\\/\\\/przyjaciele-legionowa.pl\\\/\"},{\"@type\":\"ListItem\",\"position\":2,\"name\":\"Wk\u0142ad Legionowian w zwyci\u0119stwo nad hitlerowskimi Niemcami\"}]},{\"@type\":\"WebSite\",\"@id\":\"https:\\\/\\\/przyjaciele-legionowa.pl\\\/#website\",\"url\":\"https:\\\/\\\/przyjaciele-legionowa.pl\\\/\",\"name\":\"przyjaciele-legionowa.pl\",\"description\":\"Just another WordPress site\",\"publisher\":{\"@id\":\"https:\\\/\\\/przyjaciele-legionowa.pl\\\/#organization\"},\"potentialAction\":[{\"@type\":\"SearchAction\",\"target\":{\"@type\":\"EntryPoint\",\"urlTemplate\":\"https:\\\/\\\/przyjaciele-legionowa.pl\\\/?s={search_term_string}\"},\"query-input\":{\"@type\":\"PropertyValueSpecification\",\"valueRequired\":true,\"valueName\":\"search_term_string\"}}],\"inLanguage\":\"en-US\"},{\"@type\":\"Organization\",\"@id\":\"https:\\\/\\\/przyjaciele-legionowa.pl\\\/#organization\",\"name\":\"Towarzystwo Przyjaci\u00f3\u0142 Legionowa\",\"url\":\"https:\\\/\\\/przyjaciele-legionowa.pl\\\/\",\"logo\":{\"@type\":\"ImageObject\",\"inLanguage\":\"en-US\",\"@id\":\"https:\\\/\\\/przyjaciele-legionowa.pl\\\/#\\\/schema\\\/logo\\\/image\\\/\",\"url\":\"https:\\\/\\\/przyjaciele-legionowa.pl\\\/wp-content\\\/uploads\\\/2025\\\/01\\\/log-e1746416050678.jpg\",\"contentUrl\":\"https:\\\/\\\/przyjaciele-legionowa.pl\\\/wp-content\\\/uploads\\\/2025\\\/01\\\/log-e1746416050678.jpg\",\"width\":294,\"height\":430,\"caption\":\"Towarzystwo Przyjaci\u00f3\u0142 Legionowa\"},\"image\":{\"@id\":\"https:\\\/\\\/przyjaciele-legionowa.pl\\\/#\\\/schema\\\/logo\\\/image\\\/\"},\"sameAs\":[\"https:\\\/\\\/www.facebook.com\\\/profile.php?id=100067066425039&locale=pl_PL\"]},{\"@type\":\"Person\",\"@id\":\"https:\\\/\\\/przyjaciele-legionowa.pl\\\/#\\\/schema\\\/person\\\/84acfe8979ce9af1d357776361fc55fd\",\"name\":\"admin2820\",\"image\":{\"@type\":\"ImageObject\",\"inLanguage\":\"en-US\",\"@id\":\"https:\\\/\\\/secure.gravatar.com\\\/avatar\\\/5ee8db31b9e7df1b3f0e08ae6e282faa31a14e095dd3f7ae74e1cb8e0b8f407f?s=96&d=mm&r=g\",\"url\":\"https:\\\/\\\/secure.gravatar.com\\\/avatar\\\/5ee8db31b9e7df1b3f0e08ae6e282faa31a14e095dd3f7ae74e1cb8e0b8f407f?s=96&d=mm&r=g\",\"contentUrl\":\"https:\\\/\\\/secure.gravatar.com\\\/avatar\\\/5ee8db31b9e7df1b3f0e08ae6e282faa31a14e095dd3f7ae74e1cb8e0b8f407f?s=96&d=mm&r=g\",\"caption\":\"admin2820\"},\"sameAs\":[\"http:\\\/\\\/przyjaciele-legionowa.pl\"],\"url\":\"https:\\\/\\\/przyjaciele-legionowa.pl\\\/index.php\\\/author\\\/admin2820\\\/\"}]}<\/script>\n<!-- \/ Yoast SEO plugin. -->","yoast_head_json":{"title":"Wk\u0142ad Legionowian w zwyci\u0119stwo nad hitlerowskimi Niemcami - WordPress","robots":{"index":"index","follow":"follow","max-snippet":"max-snippet:-1","max-image-preview":"max-image-preview:large","max-video-preview":"max-video-preview:-1"},"canonical":"https:\/\/przyjaciele-legionowa.pl\/index.php\/2015\/05\/04\/wklad-legionowian-w-zwyciestwo-nad-hitlerowskimi-niemcami\/","og_locale":"en_US","og_type":"article","og_title":"Wk\u0142ad Legionowian w zwyci\u0119stwo nad hitlerowskimi Niemcami - WordPress","og_description":"Wk\u0142ad Legionowian w zwyci\u0119stwo nad hitlerowskimi Niemcami \u2013 w 70. Rocznic\u0119 Zako\u0144czenia II Wojny \u015awiatowej w Europie 8 maja 1945 r. &nbsp; Legionowski wymiar wk\u0142adu w zwyci\u0119stwo nad hitlerowskimi Niemcami \u0142\u0105czy si\u0119 nierozerwalnie z og\u00f3lnonarodowym wysi\u0142kiem ponoszonym przez Polak\u00f3w na wszystkich frontach dzia\u0142a\u0144 wojennych, niezwykle bogatych formach spo\u0142ecznego oporu, dzia\u0142a\u0144 konspiracyjnych i walki o zachowanie [&hellip;]","og_url":"https:\/\/przyjaciele-legionowa.pl\/index.php\/2015\/05\/04\/wklad-legionowian-w-zwyciestwo-nad-hitlerowskimi-niemcami\/","og_site_name":"WordPress","article_publisher":"https:\/\/www.facebook.com\/profile.php?id=100067066425039&locale=pl_PL","article_published_time":"2015-05-04T19:13:24+00:00","og_image":[{"url":"http:\/\/www.przyjaciele-legionowa.org.pl\/wp-content\/uploads\/2015\/05\/Palmiry-1940-r.-miejsce-spoczynku-zamordowanych-legionowian-112x150.jpg","type":"","width":"","height":""}],"author":"admin2820","twitter_card":"summary_large_image","twitter_misc":{"Written by":"admin2820","Est. reading time":"11 minutes"},"schema":{"@context":"https:\/\/schema.org","@graph":[{"@type":"Article","@id":"https:\/\/przyjaciele-legionowa.pl\/index.php\/2015\/05\/04\/wklad-legionowian-w-zwyciestwo-nad-hitlerowskimi-niemcami\/#article","isPartOf":{"@id":"https:\/\/przyjaciele-legionowa.pl\/index.php\/2015\/05\/04\/wklad-legionowian-w-zwyciestwo-nad-hitlerowskimi-niemcami\/"},"author":{"name":"admin2820","@id":"https:\/\/przyjaciele-legionowa.pl\/#\/schema\/person\/84acfe8979ce9af1d357776361fc55fd"},"headline":"Wk\u0142ad Legionowian w zwyci\u0119stwo nad hitlerowskimi Niemcami","datePublished":"2015-05-04T19:13:24+00:00","mainEntityOfPage":{"@id":"https:\/\/przyjaciele-legionowa.pl\/index.php\/2015\/05\/04\/wklad-legionowian-w-zwyciestwo-nad-hitlerowskimi-niemcami\/"},"wordCount":2228,"commentCount":0,"publisher":{"@id":"https:\/\/przyjaciele-legionowa.pl\/#organization"},"image":{"@id":"https:\/\/przyjaciele-legionowa.pl\/index.php\/2015\/05\/04\/wklad-legionowian-w-zwyciestwo-nad-hitlerowskimi-niemcami\/#primaryimage"},"thumbnailUrl":"http:\/\/www.przyjaciele-legionowa.org.pl\/wp-content\/uploads\/2015\/05\/Palmiry-1940-r.-miejsce-spoczynku-zamordowanych-legionowian-112x150.jpg","articleSection":["Legionowo","Muzeum","O Towarzystwie"],"inLanguage":"en-US","potentialAction":[{"@type":"CommentAction","name":"Comment","target":["https:\/\/przyjaciele-legionowa.pl\/index.php\/2015\/05\/04\/wklad-legionowian-w-zwyciestwo-nad-hitlerowskimi-niemcami\/#respond"]}]},{"@type":"WebPage","@id":"https:\/\/przyjaciele-legionowa.pl\/index.php\/2015\/05\/04\/wklad-legionowian-w-zwyciestwo-nad-hitlerowskimi-niemcami\/","url":"https:\/\/przyjaciele-legionowa.pl\/index.php\/2015\/05\/04\/wklad-legionowian-w-zwyciestwo-nad-hitlerowskimi-niemcami\/","name":"Wk\u0142ad Legionowian w zwyci\u0119stwo nad hitlerowskimi Niemcami - WordPress","isPartOf":{"@id":"https:\/\/przyjaciele-legionowa.pl\/#website"},"primaryImageOfPage":{"@id":"https:\/\/przyjaciele-legionowa.pl\/index.php\/2015\/05\/04\/wklad-legionowian-w-zwyciestwo-nad-hitlerowskimi-niemcami\/#primaryimage"},"image":{"@id":"https:\/\/przyjaciele-legionowa.pl\/index.php\/2015\/05\/04\/wklad-legionowian-w-zwyciestwo-nad-hitlerowskimi-niemcami\/#primaryimage"},"thumbnailUrl":"http:\/\/www.przyjaciele-legionowa.org.pl\/wp-content\/uploads\/2015\/05\/Palmiry-1940-r.-miejsce-spoczynku-zamordowanych-legionowian-112x150.jpg","datePublished":"2015-05-04T19:13:24+00:00","breadcrumb":{"@id":"https:\/\/przyjaciele-legionowa.pl\/index.php\/2015\/05\/04\/wklad-legionowian-w-zwyciestwo-nad-hitlerowskimi-niemcami\/#breadcrumb"},"inLanguage":"en-US","potentialAction":[{"@type":"ReadAction","target":["https:\/\/przyjaciele-legionowa.pl\/index.php\/2015\/05\/04\/wklad-legionowian-w-zwyciestwo-nad-hitlerowskimi-niemcami\/"]}]},{"@type":"ImageObject","inLanguage":"en-US","@id":"https:\/\/przyjaciele-legionowa.pl\/index.php\/2015\/05\/04\/wklad-legionowian-w-zwyciestwo-nad-hitlerowskimi-niemcami\/#primaryimage","url":"http:\/\/www.przyjaciele-legionowa.org.pl\/wp-content\/uploads\/2015\/05\/Palmiry-1940-r.-miejsce-spoczynku-zamordowanych-legionowian-112x150.jpg","contentUrl":"http:\/\/www.przyjaciele-legionowa.org.pl\/wp-content\/uploads\/2015\/05\/Palmiry-1940-r.-miejsce-spoczynku-zamordowanych-legionowian-112x150.jpg"},{"@type":"BreadcrumbList","@id":"https:\/\/przyjaciele-legionowa.pl\/index.php\/2015\/05\/04\/wklad-legionowian-w-zwyciestwo-nad-hitlerowskimi-niemcami\/#breadcrumb","itemListElement":[{"@type":"ListItem","position":1,"name":"Strona g\u0142\u00f3wna","item":"https:\/\/przyjaciele-legionowa.pl\/"},{"@type":"ListItem","position":2,"name":"Wk\u0142ad Legionowian w zwyci\u0119stwo nad hitlerowskimi Niemcami"}]},{"@type":"WebSite","@id":"https:\/\/przyjaciele-legionowa.pl\/#website","url":"https:\/\/przyjaciele-legionowa.pl\/","name":"przyjaciele-legionowa.pl","description":"Just another WordPress site","publisher":{"@id":"https:\/\/przyjaciele-legionowa.pl\/#organization"},"potentialAction":[{"@type":"SearchAction","target":{"@type":"EntryPoint","urlTemplate":"https:\/\/przyjaciele-legionowa.pl\/?s={search_term_string}"},"query-input":{"@type":"PropertyValueSpecification","valueRequired":true,"valueName":"search_term_string"}}],"inLanguage":"en-US"},{"@type":"Organization","@id":"https:\/\/przyjaciele-legionowa.pl\/#organization","name":"Towarzystwo Przyjaci\u00f3\u0142 Legionowa","url":"https:\/\/przyjaciele-legionowa.pl\/","logo":{"@type":"ImageObject","inLanguage":"en-US","@id":"https:\/\/przyjaciele-legionowa.pl\/#\/schema\/logo\/image\/","url":"https:\/\/przyjaciele-legionowa.pl\/wp-content\/uploads\/2025\/01\/log-e1746416050678.jpg","contentUrl":"https:\/\/przyjaciele-legionowa.pl\/wp-content\/uploads\/2025\/01\/log-e1746416050678.jpg","width":294,"height":430,"caption":"Towarzystwo Przyjaci\u00f3\u0142 Legionowa"},"image":{"@id":"https:\/\/przyjaciele-legionowa.pl\/#\/schema\/logo\/image\/"},"sameAs":["https:\/\/www.facebook.com\/profile.php?id=100067066425039&locale=pl_PL"]},{"@type":"Person","@id":"https:\/\/przyjaciele-legionowa.pl\/#\/schema\/person\/84acfe8979ce9af1d357776361fc55fd","name":"admin2820","image":{"@type":"ImageObject","inLanguage":"en-US","@id":"https:\/\/secure.gravatar.com\/avatar\/5ee8db31b9e7df1b3f0e08ae6e282faa31a14e095dd3f7ae74e1cb8e0b8f407f?s=96&d=mm&r=g","url":"https:\/\/secure.gravatar.com\/avatar\/5ee8db31b9e7df1b3f0e08ae6e282faa31a14e095dd3f7ae74e1cb8e0b8f407f?s=96&d=mm&r=g","contentUrl":"https:\/\/secure.gravatar.com\/avatar\/5ee8db31b9e7df1b3f0e08ae6e282faa31a14e095dd3f7ae74e1cb8e0b8f407f?s=96&d=mm&r=g","caption":"admin2820"},"sameAs":["http:\/\/przyjaciele-legionowa.pl"],"url":"https:\/\/przyjaciele-legionowa.pl\/index.php\/author\/admin2820\/"}]}},"_links":{"self":[{"href":"https:\/\/przyjaciele-legionowa.pl\/index.php\/wp-json\/wp\/v2\/posts\/2954","targetHints":{"allow":["GET"]}}],"collection":[{"href":"https:\/\/przyjaciele-legionowa.pl\/index.php\/wp-json\/wp\/v2\/posts"}],"about":[{"href":"https:\/\/przyjaciele-legionowa.pl\/index.php\/wp-json\/wp\/v2\/types\/post"}],"author":[{"embeddable":true,"href":"https:\/\/przyjaciele-legionowa.pl\/index.php\/wp-json\/wp\/v2\/users\/1"}],"replies":[{"embeddable":true,"href":"https:\/\/przyjaciele-legionowa.pl\/index.php\/wp-json\/wp\/v2\/comments?post=2954"}],"version-history":[{"count":0,"href":"https:\/\/przyjaciele-legionowa.pl\/index.php\/wp-json\/wp\/v2\/posts\/2954\/revisions"}],"wp:attachment":[{"href":"https:\/\/przyjaciele-legionowa.pl\/index.php\/wp-json\/wp\/v2\/media?parent=2954"}],"wp:term":[{"taxonomy":"category","embeddable":true,"href":"https:\/\/przyjaciele-legionowa.pl\/index.php\/wp-json\/wp\/v2\/categories?post=2954"},{"taxonomy":"post_tag","embeddable":true,"href":"https:\/\/przyjaciele-legionowa.pl\/index.php\/wp-json\/wp\/v2\/tags?post=2954"}],"curies":[{"name":"wp","href":"https:\/\/api.w.org\/{rel}","templated":true}]}}