{"id":1974,"date":"2014-03-08T14:15:01","date_gmt":"2014-03-08T20:15:01","guid":{"rendered":"http:\/\/www.przyjaciele-legionowa.org.pl\/?p=1974"},"modified":"2014-03-08T14:15:01","modified_gmt":"2014-03-08T20:15:01","slug":"niedziela-w-muzeum-z-tpl-oraz-instytutem-slawistyki-pan","status":"publish","type":"post","link":"https:\/\/przyjaciele-legionowa.pl\/index.php\/2014\/03\/08\/niedziela-w-muzeum-z-tpl-oraz-instytutem-slawistyki-pan\/","title":{"rendered":"Niedziela w Muzeum z TPL oraz Instytutem Slawistyki PAN"},"content":{"rendered":"<p style=\"text-indent: 1.25cm; margin-bottom: 0cm; line-height: 150%;\" align=\"JUSTIFY\">\n<p style=\"text-indent: 1.25cm; margin-bottom: 0cm; line-height: 150%;\" align=\"JUSTIFY\"><span style=\"color: #000000;\"><span style=\"font-family: Times New Roman,serif;\"><span style=\"font-size: small;\">Zapraszamy na spotkanie 16 marca 2014 r. o godz.15,\u00a0 w ramach \u00a0 Biesiady\u00a0\u00a0 S\u0142owia\u0144skiej\u00a0\u00a0 do Muzeum \u00a0 filia\u00a0\u00a0\u00a0 Piaski,\u00a0\u00a0\u00a0 al.Sybirak\u00f3w 23. <\/span><\/span><\/span><\/p>\n<p style=\"text-indent: 1.25cm; margin-bottom: 0cm; line-height: 150%;\" align=\"JUSTIFY\"><span style=\"font-family: Times New Roman,serif;\"><span style=\"font-size: small;\">Tematem b\u0119d\u0105 dzieje Polak\u00f3w zamieszkuj\u0105cych Kraj Permski (wcze\u015bniej gubernia permska). Obszar ten do dzisiaj jest bardzo ma\u0142o znany mieszka\u0144com Polski, cho\u0107 jest z nim zwi\u0105zane wiele ciekawych fakt\u00f3w. Dlatego te\u017c w trakcie wyst\u0105pienia zostanie zwr\u00f3cona uwaga na fakty dotycz\u0105ce samego miasta i okolic, jak chocia\u017cby takich: okres ery geologicznej Perm pochodzi od nazwy miasta Perm, Boris Pasternak w tym mie\u015bcie napisa\u0142 Doktora \u017bywago, a Anton Czechow umie\u015bci\u0142 akcj\u0119 dramatu Trzy siostry w\u0142a\u015bnie w Permie, nazwa potrawy boeuf strogonow pochodzi od nazwiska Paw\u0142a Aleksandra Strogonowa, cz\u0142onka rodziny Strogonowych, posiadaj\u0105cych niegdy\u015b rozleg\u0142e posiad\u0142o\u015bci w guberni permskiej.<\/span><\/span><\/p>\n<p style=\"text-indent: 1.25cm; margin-bottom: 0cm; line-height: 150%;\" align=\"JUSTIFY\"><span style=\"font-family: Times New Roman,serif;\"><span style=\"font-size: small;\">Zasadnicza cz\u0119\u015b\u0107 wyst\u0105pienia b\u0119dzie dotyczy\u0107 los\u00f3w naszych Rodak\u00f3w tam mieszkaj\u0105cych. Obecnie populacj\u0119 Polak\u00f3w szacuje si\u0119 na 500 os\u00f3b w Kraju Permskim. Dzieje Polak\u00f3w na dobre zaczynaj\u0105 si\u0119 w XIX wieku: zes\u0142a\u0144cy po powstaniach XIX wieku, rozku\u0142aczeni po powstaniu listopadowym, ale nie tylko. To r\u00f3wnie\u017c Polacy, kt\u00f3rzy tam si\u0119 znale\u017ali po wywiezieniu ich w 1940 roku (i p\u00f3\u017aniej) przez Sowiet\u00f3w z ziem wschodniej II RP. Polacy pe\u0142nili r\u00f3\u017cne role na tym obszarze \u2013 zamieszkiwali raczej miasta (jako ludno\u015b\u0107 g\u0142\u00f3wnie inteligencka): pracownicy administracyjni w\u0142adz carskich, wojska, uczestniczyli przy budowie kolei transsyberyjskiej i odegrali wa\u017cn\u0105 rol\u0119 w \u017cyciu spo\u0142eczno-kulturalnym Permu i okolic. S\u0142uchaczom zostan\u0105 przybli\u017cone biografie, jak chocia\u017cby A. Turczewicza-G\u0142umowa \u2013 architekta, B. Turczewicza \u2013 permskiego komisarza gubernialnego, J. Piotrowicza \u2013 uczestnika powstania 1863 r., kt\u00f3ry otworzy\u0142 w Permie pierwsz\u0105 ksi\u0119garni\u0119 (1876 r.), L. Winiarskiego \u2013 kompozytora, muzyka, czy ks. P \u015aciegiennego. Uczestnicy spotkania zostan\u0105 zapoznani tak\u017ce z dziejami budynk\u00f3w, b\u0119d\u0105cych dzie\u0142em Polak\u00f3w (jak cerkiew prawos\u0142awna z XIX wieku) czy z rol\u0105 tzw. \u201epolskiego\u201d ko\u015bcio\u0142a 1875-1937\/1993- (w czasach ZSRR by\u0142o w nim kino, klub dla g\u0142uchoniemych a nast\u0119pnie fabryka guzik\u00f3w). Z miejsc znajduj\u0105cych si\u0119 poza Permem zostanie przedstawiona historia \u0142agru Perm-36 \u2013 zony \u201eosobogo re\u017cima\u201d (dla wrog\u00f3w ZSRR), kt\u00f3ra funkcjonowa\u0142a do 1988 (!) roku. Opr\u00f3cz wy\u017cej wymienionych os\u00f3b zostanie przedstawiona tak\u017ce sylwetka np. ojca Andrzeja Grzybowskiego, kt\u00f3ry s\u0142u\u017cy\u0142 w ko\u015bciele permskim od 1993 roku (odbudowuj\u0105c ko\u015bci\u00f3\u0142 i ca\u0142\u0105 wiar\u0119 w Permie od zera).<\/span><\/span><\/p>\n<p style=\"text-indent: 1.25cm; margin-bottom: 0cm; line-height: 150%;\" align=\"JUSTIFY\"><span style=\"font-family: Times New Roman,serif;\"><span style=\"font-size: small;\">Prezentacja b\u0119dzie si\u0119 sk\u0142ada\u0142a z nast\u0119puj\u0105cych element\u00f3w:<\/span><\/span><\/p>\n<p style=\"text-indent: 1.25cm; margin-bottom: 0cm; line-height: 150%;\" align=\"JUSTIFY\"><span style=\"font-family: Times New Roman,serif;\"><span style=\"font-size: small;\">&#8211; kr\u00f3tkie wprowadzenie na temat samego miasta i ciekawych w\u0105tk\u00f3w historycznych dotycz\u0105cych Permu i Kraju Permskiego (z pokazem slajd\u00f3w),<\/span><\/span><\/p>\n<p style=\"text-indent: 1.25cm; margin-bottom: 0cm; line-height: 150%;\" align=\"JUSTIFY\"><span style=\"font-family: Times New Roman,serif;\"><span style=\"font-size: small;\">&#8211; wyk\u0142ad o dziejach Polak\u00f3w w Kraju Permskim (opowie\u015b\u0107 z pokazem slajd\u00f3w: od XIX wieku po czasy wsp\u00f3\u0142czesne),<\/span><\/span><\/p>\n<p style=\"text-indent: 1.25cm; margin-bottom: 0cm; line-height: 150%;\" align=\"JUSTIFY\"><span style=\"font-family: Times New Roman,serif;\"><span style=\"font-size: small;\">&#8211; muzyka rosyjska,<\/span><\/span><\/p>\n<p style=\"text-indent: 1.25cm; margin-bottom: 0cm; line-height: 150%;\" align=\"JUSTIFY\"><span style=\"font-family: Times New Roman,serif;\"><span style=\"font-size: small;\">&#8211; mini-wystawa dokument\u00f3w archiwalnych b\u0119d\u0105cych w posiadaniu Muzeum Historycznego w Legionowie, ukazuj\u0105ca polskie \u015blady zes\u0142a\u0144c\u00f3w w Imperium Rosyjskim,<\/span><\/span><\/p>\n<p style=\"text-indent: 1.25cm; margin-bottom: 0cm; line-height: 150%;\" align=\"JUSTIFY\"><span style=\"font-family: Times New Roman,serif;\"><span style=\"font-size: small;\">&#8211; pocz\u0119stunek (syberyjska herbata z samowara, przek\u0105ski, wino).<\/span><\/span><\/p>\n<p>Dr Miros\u0142aw Jankowiak &#8211; pracownik Instytutu Slawistyki PAN, cz\u0142onek TPL oraz sekretarz Rocznika Legionowskiego.<\/p>\n<p style=\"text-indent: 1.25cm; margin-bottom: 0cm; line-height: 150%;\" align=\"JUSTIFY\">\n<p style=\"text-indent: 1.25cm; margin-bottom: 0cm; line-height: 150%;\" align=\"JUSTIFY\">\n<p style=\"text-indent: 1.25cm; margin-bottom: 0cm; line-height: 150%;\" align=\"JUSTIFY\">\n<p style=\"text-indent: 1.25cm; margin-bottom: 0cm; line-height: 150%;\" align=\"JUSTIFY\"><a href=\"http:\/\/www.przyjaciele-legionowa.org.pl\/wp-content\/uploads\/2014\/03\/16-03.jpg\"><img fetchpriority=\"high\" decoding=\"async\" class=\"alignleft size-medium wp-image-1975\" title=\"16 03\" src=\"http:\/\/www.przyjaciele-legionowa.org.pl\/wp-content\/uploads\/2014\/03\/16-03-211x300.jpg\" alt=\"\" width=\"211\" height=\"300\" \/><\/a><\/p>\n","protected":false},"excerpt":{"rendered":"<p>Zapraszamy na spotkanie 16 marca 2014 r. o godz.15,\u00a0 w ramach \u00a0 Biesiady\u00a0\u00a0 S\u0142owia\u0144skiej\u00a0\u00a0 do Muzeum \u00a0 filia\u00a0\u00a0\u00a0 Piaski,\u00a0\u00a0\u00a0 al.Sybirak\u00f3w 23. Tematem b\u0119d\u0105 dzieje Polak\u00f3w zamieszkuj\u0105cych Kraj Permski (wcze\u015bniej gubernia permska). Obszar ten do dzisiaj jest bardzo ma\u0142o znany mieszka\u0144com Polski, cho\u0107 jest z nim zwi\u0105zane wiele ciekawych fakt\u00f3w. Dlatego te\u017c w trakcie wyst\u0105pienia zostanie [&hellip;]<\/p>\n","protected":false},"author":1,"featured_media":0,"comment_status":"closed","ping_status":"closed","sticky":false,"template":"","format":"standard","meta":{"footnotes":""},"categories":[2,3,5],"tags":[],"class_list":["post-1974","post","type-post","status-publish","format-standard","hentry","category-legionowo","category-muzeum","category-o_towarzystwie"],"yoast_head":"<!-- This site is optimized with the Yoast SEO plugin v27.5 - https:\/\/yoast.com\/product\/yoast-seo-wordpress\/ -->\n<title>Niedziela w Muzeum z TPL oraz Instytutem Slawistyki PAN - WordPress<\/title>\n<meta name=\"robots\" content=\"index, follow, max-snippet:-1, max-image-preview:large, max-video-preview:-1\" \/>\n<link rel=\"canonical\" href=\"https:\/\/przyjaciele-legionowa.pl\/index.php\/2014\/03\/08\/niedziela-w-muzeum-z-tpl-oraz-instytutem-slawistyki-pan\/\" \/>\n<meta property=\"og:locale\" content=\"en_US\" \/>\n<meta property=\"og:type\" content=\"article\" \/>\n<meta property=\"og:title\" content=\"Niedziela w Muzeum z TPL oraz Instytutem Slawistyki PAN - WordPress\" \/>\n<meta property=\"og:description\" content=\"Zapraszamy na spotkanie 16 marca 2014 r. o godz.15,\u00a0 w ramach \u00a0 Biesiady\u00a0\u00a0 S\u0142owia\u0144skiej\u00a0\u00a0 do Muzeum \u00a0 filia\u00a0\u00a0\u00a0 Piaski,\u00a0\u00a0\u00a0 al.Sybirak\u00f3w 23. Tematem b\u0119d\u0105 dzieje Polak\u00f3w zamieszkuj\u0105cych Kraj Permski (wcze\u015bniej gubernia permska). Obszar ten do dzisiaj jest bardzo ma\u0142o znany mieszka\u0144com Polski, cho\u0107 jest z nim zwi\u0105zane wiele ciekawych fakt\u00f3w. Dlatego te\u017c w trakcie wyst\u0105pienia zostanie [&hellip;]\" \/>\n<meta property=\"og:url\" content=\"https:\/\/przyjaciele-legionowa.pl\/index.php\/2014\/03\/08\/niedziela-w-muzeum-z-tpl-oraz-instytutem-slawistyki-pan\/\" \/>\n<meta property=\"og:site_name\" content=\"WordPress\" \/>\n<meta property=\"article:publisher\" content=\"https:\/\/www.facebook.com\/profile.php?id=100067066425039&amp;locale=pl_PL\" \/>\n<meta property=\"article:published_time\" content=\"2014-03-08T20:15:01+00:00\" \/>\n<meta property=\"og:image\" content=\"https:\/\/przyjaciele-legionowa.pl\/wp-content\/uploads\/2014\/03\/16-03.jpg\" \/>\n\t<meta property=\"og:image:width\" content=\"677\" \/>\n\t<meta property=\"og:image:height\" content=\"960\" \/>\n\t<meta property=\"og:image:type\" content=\"image\/jpeg\" \/>\n<meta name=\"author\" content=\"admin2820\" \/>\n<meta name=\"twitter:card\" content=\"summary_large_image\" \/>\n<meta name=\"twitter:label1\" content=\"Written by\" \/>\n\t<meta name=\"twitter:data1\" content=\"admin2820\" \/>\n\t<meta name=\"twitter:label2\" content=\"Est. reading time\" \/>\n\t<meta name=\"twitter:data2\" content=\"3 minutes\" \/>\n<script type=\"application\/ld+json\" class=\"yoast-schema-graph\">{\"@context\":\"https:\\\/\\\/schema.org\",\"@graph\":[{\"@type\":\"Article\",\"@id\":\"https:\\\/\\\/przyjaciele-legionowa.pl\\\/index.php\\\/2014\\\/03\\\/08\\\/niedziela-w-muzeum-z-tpl-oraz-instytutem-slawistyki-pan\\\/#article\",\"isPartOf\":{\"@id\":\"https:\\\/\\\/przyjaciele-legionowa.pl\\\/index.php\\\/2014\\\/03\\\/08\\\/niedziela-w-muzeum-z-tpl-oraz-instytutem-slawistyki-pan\\\/\"},\"author\":{\"name\":\"admin2820\",\"@id\":\"https:\\\/\\\/przyjaciele-legionowa.pl\\\/#\\\/schema\\\/person\\\/84acfe8979ce9af1d357776361fc55fd\"},\"headline\":\"Niedziela w Muzeum z TPL oraz Instytutem Slawistyki PAN\",\"datePublished\":\"2014-03-08T20:15:01+00:00\",\"mainEntityOfPage\":{\"@id\":\"https:\\\/\\\/przyjaciele-legionowa.pl\\\/index.php\\\/2014\\\/03\\\/08\\\/niedziela-w-muzeum-z-tpl-oraz-instytutem-slawistyki-pan\\\/\"},\"wordCount\":532,\"publisher\":{\"@id\":\"https:\\\/\\\/przyjaciele-legionowa.pl\\\/#organization\"},\"image\":{\"@id\":\"https:\\\/\\\/przyjaciele-legionowa.pl\\\/index.php\\\/2014\\\/03\\\/08\\\/niedziela-w-muzeum-z-tpl-oraz-instytutem-slawistyki-pan\\\/#primaryimage\"},\"thumbnailUrl\":\"http:\\\/\\\/www.przyjaciele-legionowa.org.pl\\\/wp-content\\\/uploads\\\/2014\\\/03\\\/16-03-211x300.jpg\",\"articleSection\":[\"Legionowo\",\"Muzeum\",\"O Towarzystwie\"],\"inLanguage\":\"en-US\"},{\"@type\":\"WebPage\",\"@id\":\"https:\\\/\\\/przyjaciele-legionowa.pl\\\/index.php\\\/2014\\\/03\\\/08\\\/niedziela-w-muzeum-z-tpl-oraz-instytutem-slawistyki-pan\\\/\",\"url\":\"https:\\\/\\\/przyjaciele-legionowa.pl\\\/index.php\\\/2014\\\/03\\\/08\\\/niedziela-w-muzeum-z-tpl-oraz-instytutem-slawistyki-pan\\\/\",\"name\":\"Niedziela w Muzeum z TPL oraz Instytutem Slawistyki PAN - WordPress\",\"isPartOf\":{\"@id\":\"https:\\\/\\\/przyjaciele-legionowa.pl\\\/#website\"},\"primaryImageOfPage\":{\"@id\":\"https:\\\/\\\/przyjaciele-legionowa.pl\\\/index.php\\\/2014\\\/03\\\/08\\\/niedziela-w-muzeum-z-tpl-oraz-instytutem-slawistyki-pan\\\/#primaryimage\"},\"image\":{\"@id\":\"https:\\\/\\\/przyjaciele-legionowa.pl\\\/index.php\\\/2014\\\/03\\\/08\\\/niedziela-w-muzeum-z-tpl-oraz-instytutem-slawistyki-pan\\\/#primaryimage\"},\"thumbnailUrl\":\"http:\\\/\\\/www.przyjaciele-legionowa.org.pl\\\/wp-content\\\/uploads\\\/2014\\\/03\\\/16-03-211x300.jpg\",\"datePublished\":\"2014-03-08T20:15:01+00:00\",\"breadcrumb\":{\"@id\":\"https:\\\/\\\/przyjaciele-legionowa.pl\\\/index.php\\\/2014\\\/03\\\/08\\\/niedziela-w-muzeum-z-tpl-oraz-instytutem-slawistyki-pan\\\/#breadcrumb\"},\"inLanguage\":\"en-US\",\"potentialAction\":[{\"@type\":\"ReadAction\",\"target\":[\"https:\\\/\\\/przyjaciele-legionowa.pl\\\/index.php\\\/2014\\\/03\\\/08\\\/niedziela-w-muzeum-z-tpl-oraz-instytutem-slawistyki-pan\\\/\"]}]},{\"@type\":\"ImageObject\",\"inLanguage\":\"en-US\",\"@id\":\"https:\\\/\\\/przyjaciele-legionowa.pl\\\/index.php\\\/2014\\\/03\\\/08\\\/niedziela-w-muzeum-z-tpl-oraz-instytutem-slawistyki-pan\\\/#primaryimage\",\"url\":\"http:\\\/\\\/www.przyjaciele-legionowa.org.pl\\\/wp-content\\\/uploads\\\/2014\\\/03\\\/16-03-211x300.jpg\",\"contentUrl\":\"http:\\\/\\\/www.przyjaciele-legionowa.org.pl\\\/wp-content\\\/uploads\\\/2014\\\/03\\\/16-03-211x300.jpg\"},{\"@type\":\"BreadcrumbList\",\"@id\":\"https:\\\/\\\/przyjaciele-legionowa.pl\\\/index.php\\\/2014\\\/03\\\/08\\\/niedziela-w-muzeum-z-tpl-oraz-instytutem-slawistyki-pan\\\/#breadcrumb\",\"itemListElement\":[{\"@type\":\"ListItem\",\"position\":1,\"name\":\"Strona g\u0142\u00f3wna\",\"item\":\"https:\\\/\\\/przyjaciele-legionowa.pl\\\/\"},{\"@type\":\"ListItem\",\"position\":2,\"name\":\"Niedziela w Muzeum z TPL oraz Instytutem Slawistyki PAN\"}]},{\"@type\":\"WebSite\",\"@id\":\"https:\\\/\\\/przyjaciele-legionowa.pl\\\/#website\",\"url\":\"https:\\\/\\\/przyjaciele-legionowa.pl\\\/\",\"name\":\"przyjaciele-legionowa.pl\",\"description\":\"Just another WordPress site\",\"publisher\":{\"@id\":\"https:\\\/\\\/przyjaciele-legionowa.pl\\\/#organization\"},\"potentialAction\":[{\"@type\":\"SearchAction\",\"target\":{\"@type\":\"EntryPoint\",\"urlTemplate\":\"https:\\\/\\\/przyjaciele-legionowa.pl\\\/?s={search_term_string}\"},\"query-input\":{\"@type\":\"PropertyValueSpecification\",\"valueRequired\":true,\"valueName\":\"search_term_string\"}}],\"inLanguage\":\"en-US\"},{\"@type\":\"Organization\",\"@id\":\"https:\\\/\\\/przyjaciele-legionowa.pl\\\/#organization\",\"name\":\"Towarzystwo Przyjaci\u00f3\u0142 Legionowa\",\"url\":\"https:\\\/\\\/przyjaciele-legionowa.pl\\\/\",\"logo\":{\"@type\":\"ImageObject\",\"inLanguage\":\"en-US\",\"@id\":\"https:\\\/\\\/przyjaciele-legionowa.pl\\\/#\\\/schema\\\/logo\\\/image\\\/\",\"url\":\"https:\\\/\\\/przyjaciele-legionowa.pl\\\/wp-content\\\/uploads\\\/2025\\\/01\\\/log-e1746416050678.jpg\",\"contentUrl\":\"https:\\\/\\\/przyjaciele-legionowa.pl\\\/wp-content\\\/uploads\\\/2025\\\/01\\\/log-e1746416050678.jpg\",\"width\":294,\"height\":430,\"caption\":\"Towarzystwo Przyjaci\u00f3\u0142 Legionowa\"},\"image\":{\"@id\":\"https:\\\/\\\/przyjaciele-legionowa.pl\\\/#\\\/schema\\\/logo\\\/image\\\/\"},\"sameAs\":[\"https:\\\/\\\/www.facebook.com\\\/profile.php?id=100067066425039&locale=pl_PL\"]},{\"@type\":\"Person\",\"@id\":\"https:\\\/\\\/przyjaciele-legionowa.pl\\\/#\\\/schema\\\/person\\\/84acfe8979ce9af1d357776361fc55fd\",\"name\":\"admin2820\",\"image\":{\"@type\":\"ImageObject\",\"inLanguage\":\"en-US\",\"@id\":\"https:\\\/\\\/secure.gravatar.com\\\/avatar\\\/5ee8db31b9e7df1b3f0e08ae6e282faa31a14e095dd3f7ae74e1cb8e0b8f407f?s=96&d=mm&r=g\",\"url\":\"https:\\\/\\\/secure.gravatar.com\\\/avatar\\\/5ee8db31b9e7df1b3f0e08ae6e282faa31a14e095dd3f7ae74e1cb8e0b8f407f?s=96&d=mm&r=g\",\"contentUrl\":\"https:\\\/\\\/secure.gravatar.com\\\/avatar\\\/5ee8db31b9e7df1b3f0e08ae6e282faa31a14e095dd3f7ae74e1cb8e0b8f407f?s=96&d=mm&r=g\",\"caption\":\"admin2820\"},\"sameAs\":[\"http:\\\/\\\/przyjaciele-legionowa.pl\"],\"url\":\"https:\\\/\\\/przyjaciele-legionowa.pl\\\/index.php\\\/author\\\/admin2820\\\/\"}]}<\/script>\n<!-- \/ Yoast SEO plugin. -->","yoast_head_json":{"title":"Niedziela w Muzeum z TPL oraz Instytutem Slawistyki PAN - WordPress","robots":{"index":"index","follow":"follow","max-snippet":"max-snippet:-1","max-image-preview":"max-image-preview:large","max-video-preview":"max-video-preview:-1"},"canonical":"https:\/\/przyjaciele-legionowa.pl\/index.php\/2014\/03\/08\/niedziela-w-muzeum-z-tpl-oraz-instytutem-slawistyki-pan\/","og_locale":"en_US","og_type":"article","og_title":"Niedziela w Muzeum z TPL oraz Instytutem Slawistyki PAN - WordPress","og_description":"Zapraszamy na spotkanie 16 marca 2014 r. o godz.15,\u00a0 w ramach \u00a0 Biesiady\u00a0\u00a0 S\u0142owia\u0144skiej\u00a0\u00a0 do Muzeum \u00a0 filia\u00a0\u00a0\u00a0 Piaski,\u00a0\u00a0\u00a0 al.Sybirak\u00f3w 23. Tematem b\u0119d\u0105 dzieje Polak\u00f3w zamieszkuj\u0105cych Kraj Permski (wcze\u015bniej gubernia permska). Obszar ten do dzisiaj jest bardzo ma\u0142o znany mieszka\u0144com Polski, cho\u0107 jest z nim zwi\u0105zane wiele ciekawych fakt\u00f3w. Dlatego te\u017c w trakcie wyst\u0105pienia zostanie [&hellip;]","og_url":"https:\/\/przyjaciele-legionowa.pl\/index.php\/2014\/03\/08\/niedziela-w-muzeum-z-tpl-oraz-instytutem-slawistyki-pan\/","og_site_name":"WordPress","article_publisher":"https:\/\/www.facebook.com\/profile.php?id=100067066425039&locale=pl_PL","article_published_time":"2014-03-08T20:15:01+00:00","og_image":[{"width":677,"height":960,"url":"https:\/\/przyjaciele-legionowa.pl\/wp-content\/uploads\/2014\/03\/16-03.jpg","type":"image\/jpeg"}],"author":"admin2820","twitter_card":"summary_large_image","twitter_misc":{"Written by":"admin2820","Est. reading time":"3 minutes"},"schema":{"@context":"https:\/\/schema.org","@graph":[{"@type":"Article","@id":"https:\/\/przyjaciele-legionowa.pl\/index.php\/2014\/03\/08\/niedziela-w-muzeum-z-tpl-oraz-instytutem-slawistyki-pan\/#article","isPartOf":{"@id":"https:\/\/przyjaciele-legionowa.pl\/index.php\/2014\/03\/08\/niedziela-w-muzeum-z-tpl-oraz-instytutem-slawistyki-pan\/"},"author":{"name":"admin2820","@id":"https:\/\/przyjaciele-legionowa.pl\/#\/schema\/person\/84acfe8979ce9af1d357776361fc55fd"},"headline":"Niedziela w Muzeum z TPL oraz Instytutem Slawistyki PAN","datePublished":"2014-03-08T20:15:01+00:00","mainEntityOfPage":{"@id":"https:\/\/przyjaciele-legionowa.pl\/index.php\/2014\/03\/08\/niedziela-w-muzeum-z-tpl-oraz-instytutem-slawistyki-pan\/"},"wordCount":532,"publisher":{"@id":"https:\/\/przyjaciele-legionowa.pl\/#organization"},"image":{"@id":"https:\/\/przyjaciele-legionowa.pl\/index.php\/2014\/03\/08\/niedziela-w-muzeum-z-tpl-oraz-instytutem-slawistyki-pan\/#primaryimage"},"thumbnailUrl":"http:\/\/www.przyjaciele-legionowa.org.pl\/wp-content\/uploads\/2014\/03\/16-03-211x300.jpg","articleSection":["Legionowo","Muzeum","O Towarzystwie"],"inLanguage":"en-US"},{"@type":"WebPage","@id":"https:\/\/przyjaciele-legionowa.pl\/index.php\/2014\/03\/08\/niedziela-w-muzeum-z-tpl-oraz-instytutem-slawistyki-pan\/","url":"https:\/\/przyjaciele-legionowa.pl\/index.php\/2014\/03\/08\/niedziela-w-muzeum-z-tpl-oraz-instytutem-slawistyki-pan\/","name":"Niedziela w Muzeum z TPL oraz Instytutem Slawistyki PAN - WordPress","isPartOf":{"@id":"https:\/\/przyjaciele-legionowa.pl\/#website"},"primaryImageOfPage":{"@id":"https:\/\/przyjaciele-legionowa.pl\/index.php\/2014\/03\/08\/niedziela-w-muzeum-z-tpl-oraz-instytutem-slawistyki-pan\/#primaryimage"},"image":{"@id":"https:\/\/przyjaciele-legionowa.pl\/index.php\/2014\/03\/08\/niedziela-w-muzeum-z-tpl-oraz-instytutem-slawistyki-pan\/#primaryimage"},"thumbnailUrl":"http:\/\/www.przyjaciele-legionowa.org.pl\/wp-content\/uploads\/2014\/03\/16-03-211x300.jpg","datePublished":"2014-03-08T20:15:01+00:00","breadcrumb":{"@id":"https:\/\/przyjaciele-legionowa.pl\/index.php\/2014\/03\/08\/niedziela-w-muzeum-z-tpl-oraz-instytutem-slawistyki-pan\/#breadcrumb"},"inLanguage":"en-US","potentialAction":[{"@type":"ReadAction","target":["https:\/\/przyjaciele-legionowa.pl\/index.php\/2014\/03\/08\/niedziela-w-muzeum-z-tpl-oraz-instytutem-slawistyki-pan\/"]}]},{"@type":"ImageObject","inLanguage":"en-US","@id":"https:\/\/przyjaciele-legionowa.pl\/index.php\/2014\/03\/08\/niedziela-w-muzeum-z-tpl-oraz-instytutem-slawistyki-pan\/#primaryimage","url":"http:\/\/www.przyjaciele-legionowa.org.pl\/wp-content\/uploads\/2014\/03\/16-03-211x300.jpg","contentUrl":"http:\/\/www.przyjaciele-legionowa.org.pl\/wp-content\/uploads\/2014\/03\/16-03-211x300.jpg"},{"@type":"BreadcrumbList","@id":"https:\/\/przyjaciele-legionowa.pl\/index.php\/2014\/03\/08\/niedziela-w-muzeum-z-tpl-oraz-instytutem-slawistyki-pan\/#breadcrumb","itemListElement":[{"@type":"ListItem","position":1,"name":"Strona g\u0142\u00f3wna","item":"https:\/\/przyjaciele-legionowa.pl\/"},{"@type":"ListItem","position":2,"name":"Niedziela w Muzeum z TPL oraz Instytutem Slawistyki PAN"}]},{"@type":"WebSite","@id":"https:\/\/przyjaciele-legionowa.pl\/#website","url":"https:\/\/przyjaciele-legionowa.pl\/","name":"przyjaciele-legionowa.pl","description":"Just another WordPress site","publisher":{"@id":"https:\/\/przyjaciele-legionowa.pl\/#organization"},"potentialAction":[{"@type":"SearchAction","target":{"@type":"EntryPoint","urlTemplate":"https:\/\/przyjaciele-legionowa.pl\/?s={search_term_string}"},"query-input":{"@type":"PropertyValueSpecification","valueRequired":true,"valueName":"search_term_string"}}],"inLanguage":"en-US"},{"@type":"Organization","@id":"https:\/\/przyjaciele-legionowa.pl\/#organization","name":"Towarzystwo Przyjaci\u00f3\u0142 Legionowa","url":"https:\/\/przyjaciele-legionowa.pl\/","logo":{"@type":"ImageObject","inLanguage":"en-US","@id":"https:\/\/przyjaciele-legionowa.pl\/#\/schema\/logo\/image\/","url":"https:\/\/przyjaciele-legionowa.pl\/wp-content\/uploads\/2025\/01\/log-e1746416050678.jpg","contentUrl":"https:\/\/przyjaciele-legionowa.pl\/wp-content\/uploads\/2025\/01\/log-e1746416050678.jpg","width":294,"height":430,"caption":"Towarzystwo Przyjaci\u00f3\u0142 Legionowa"},"image":{"@id":"https:\/\/przyjaciele-legionowa.pl\/#\/schema\/logo\/image\/"},"sameAs":["https:\/\/www.facebook.com\/profile.php?id=100067066425039&locale=pl_PL"]},{"@type":"Person","@id":"https:\/\/przyjaciele-legionowa.pl\/#\/schema\/person\/84acfe8979ce9af1d357776361fc55fd","name":"admin2820","image":{"@type":"ImageObject","inLanguage":"en-US","@id":"https:\/\/secure.gravatar.com\/avatar\/5ee8db31b9e7df1b3f0e08ae6e282faa31a14e095dd3f7ae74e1cb8e0b8f407f?s=96&d=mm&r=g","url":"https:\/\/secure.gravatar.com\/avatar\/5ee8db31b9e7df1b3f0e08ae6e282faa31a14e095dd3f7ae74e1cb8e0b8f407f?s=96&d=mm&r=g","contentUrl":"https:\/\/secure.gravatar.com\/avatar\/5ee8db31b9e7df1b3f0e08ae6e282faa31a14e095dd3f7ae74e1cb8e0b8f407f?s=96&d=mm&r=g","caption":"admin2820"},"sameAs":["http:\/\/przyjaciele-legionowa.pl"],"url":"https:\/\/przyjaciele-legionowa.pl\/index.php\/author\/admin2820\/"}]}},"_links":{"self":[{"href":"https:\/\/przyjaciele-legionowa.pl\/index.php\/wp-json\/wp\/v2\/posts\/1974","targetHints":{"allow":["GET"]}}],"collection":[{"href":"https:\/\/przyjaciele-legionowa.pl\/index.php\/wp-json\/wp\/v2\/posts"}],"about":[{"href":"https:\/\/przyjaciele-legionowa.pl\/index.php\/wp-json\/wp\/v2\/types\/post"}],"author":[{"embeddable":true,"href":"https:\/\/przyjaciele-legionowa.pl\/index.php\/wp-json\/wp\/v2\/users\/1"}],"replies":[{"embeddable":true,"href":"https:\/\/przyjaciele-legionowa.pl\/index.php\/wp-json\/wp\/v2\/comments?post=1974"}],"version-history":[{"count":0,"href":"https:\/\/przyjaciele-legionowa.pl\/index.php\/wp-json\/wp\/v2\/posts\/1974\/revisions"}],"wp:attachment":[{"href":"https:\/\/przyjaciele-legionowa.pl\/index.php\/wp-json\/wp\/v2\/media?parent=1974"}],"wp:term":[{"taxonomy":"category","embeddable":true,"href":"https:\/\/przyjaciele-legionowa.pl\/index.php\/wp-json\/wp\/v2\/categories?post=1974"},{"taxonomy":"post_tag","embeddable":true,"href":"https:\/\/przyjaciele-legionowa.pl\/index.php\/wp-json\/wp\/v2\/tags?post=1974"}],"curies":[{"name":"wp","href":"https:\/\/api.w.org\/{rel}","templated":true}]}}